{"id":1339,"date":"2022-09-13T12:41:08","date_gmt":"2022-09-13T09:41:08","guid":{"rendered":"https:\/\/balikesirobjektif.com\/?p=1339"},"modified":"2022-09-13T13:42:51","modified_gmt":"2022-09-13T10:42:51","slug":"osbyolundammemnun","status":"publish","type":"post","link":"https:\/\/balikesirobjektif.com\/index.php\/2022\/09\/13\/osbyolundammemnun\/","title":{"rendered":"S\u00fcr\u00fcc\u00fcler Bal\u0131kesir Osb Yolundan Memnun"},"content":{"rendered":"<p>Bal\u0131kesir Organize Sanayi B\u00f6lgesi\u2019ne ula\u015fmak i\u00e7in 12 Eyl\u00fcl itibar\u0131ylayeni yolu kullanmaya ba\u015flayan servis ve a\u011f\u0131r tonajl\u0131 ara\u00e7 s\u00fcr\u00fcc\u00fcleri, uygulamadan duyduklar\u0131 memnuniyeti anlatt\u0131. S\u00fcr\u00fcc\u00fcler, \u201cS\u0131k\u0131\u015fmadan, beklemeden keyifle ula\u015f\u0131m\u0131m\u0131z\u0131 sa\u011flad\u0131k\u201d dedi.<\/p>\n<p>Bal\u0131kesir Organize Sanayi B\u00f6lgesi (OSB) Kav\u015fa\u011f\u0131 ile Yakup \u015eevki Pa\u015fa Caddesi\u2019nin Dokuma Caddesi ile kesi\u015fimi aras\u0131nda kalan yol a\u011f\u0131r tonajl\u0131 ara\u00e7lar\u0131n ve servis ara\u00e7lar\u0131n\u0131n kullan\u0131m\u0131na 12 Eyl\u00fcl tarihinde kapand\u0131. Servis ve a\u011f\u0131r tonajl\u0131 ara\u00e7lar, yeni Organize Sanayi B\u00f6lgesi ba\u011flant\u0131 yolunu kullanarak ula\u015f\u0131m\u0131n\u0131 sa\u011flad\u0131.\u00a0 Yolu kullanan kamyon ve servis arac\u0131 s\u00fcr\u00fcc\u00fcleri, yoldan duyduklar\u0131 memnuniyeti dile getirdi. OSB yolunda, sivil ara\u00e7, servis ve a\u011f\u0131r tonajl\u0131 ara\u00e7lar\u0131n s\u00fcr\u00fcc\u00fcleri b\u00f6lgedeki yol \u00e7al\u0131\u015fmalar\u0131 ve trafik d\u00fczenlemeleri hakk\u0131nda \u015fu a\u00e7\u0131klamalarda bulundu:<\/p>\n<p><img loading=\"lazy\" decoding=\"async\" class=\"alignnone wp-image-1340 size-full\" src=\"https:\/\/balikesirobjektif.com\/wp-content\/uploads\/2022\/09\/osbyolic.jpg\" alt=\"\" width=\"682\" height=\"383\" srcset=\"https:\/\/balikesirobjektif.com\/wp-content\/uploads\/2022\/09\/osbyolic.jpg 682w, https:\/\/balikesirobjektif.com\/wp-content\/uploads\/2022\/09\/osbyolic-300x168.jpg 300w\" sizes=\"auto, (max-width: 682px) 100vw, 682px\" \/><\/p>\n<p><strong>\u201cMANTIKLI, KULLANI\u015eLI B\u0130R YOL OLMU\u015e\u201d<\/strong><br \/>\n\u201cOSB eski yolunda sabah ve ak\u015fam saatlerinde a\u015f\u0131r\u0131 yo\u011funluk oluyordu. G\u00fcn\u00fcm\u00fcz trafi\u011fi art\u0131k kald\u0131rm\u0131yor, alternatif yollar gerekliydi. Art\u0131k servis ve a\u011f\u0131r tonajl\u0131 ara\u00e7lar Yakup \u015eevki Pa\u015fa Caddesi\u2019ne girmedi\u011fi i\u00e7in orada trafik rahatlamaya ba\u015flad\u0131. Yap\u0131lan alternatif yol uzun s\u00fcredir ihtiyac\u0131m\u0131z olan bir yoldu. Ger\u00e7ekten \u00e7ok yerinde, mant\u0131kl\u0131, kullan\u0131\u015fl\u0131 bir yol olmu\u015f, yolculuk esnas\u0131nda keyif ald\u0131k. Yap\u0131lan bu hizmeti takdir ediyorum. 3. etab\u0131n hizmete girmesi bizim i\u015fimizi daha da kolayla\u015ft\u0131racak. Ula\u015f\u0131m\u0131n daha da rahat olaca\u011f\u0131n\u0131 d\u00fc\u015f\u00fcn\u00fcyorum. Yolu yapanlar\u0131n emeklerine sa\u011fl\u0131k. B\u00fcy\u00fck\u015fehir Belediye Ba\u015fkan\u0131m\u0131z Y\u00fccel Y\u0131lmaz\u2019a \u00e7ok te\u015fekk\u00fcr ederiz.\u201d<\/p>\n<p>&nbsp;<\/p>\n","protected":false},"excerpt":{"rendered":"<p><iframe loading=\"lazy\" src=\"https:\/\/www.facebook.com\/plugins\/video.php?height=314&#038;href=https%3A%2F%2Fwww.facebook.com%2Fbalikesirbld%2Fvideos%2F467251608455713%2F&#038;show_text=false&#038;width=560&#038;t=0\" width=\"1280\" height=\"480\" style=\"border:none;overflow:hidden\" scrolling=\"no\" frameborder=\"0\" allowfullscreen=\"true\" allow=\"autoplay; clipboard-write; encrypted-media; picture-in-picture; web-share\" allowFullScreen=\"true\"><\/iframe><\/p>\n","protected":false},"author":1,"featured_media":1343,"comment_status":"open","ping_status":"open","sticky":false,"template":"","format":"standard","meta":{"footnotes":""},"categories":[127,534,9],"tags":[531,543,542,532,436],"class_list":["post-1339","post","type-post","status-publish","format-standard","has-post-thumbnail","hentry","category-asayis","category-siyaset","category-video-galeri","tag-balikesir","tag-buyuksehir","tag-osb","tag-ustmanset","tag-yol"],"_links":{"self":[{"href":"https:\/\/balikesirobjektif.com\/index.php\/wp-json\/wp\/v2\/posts\/1339","targetHints":{"allow":["GET"]}}],"collection":[{"href":"https:\/\/balikesirobjektif.com\/index.php\/wp-json\/wp\/v2\/posts"}],"about":[{"href":"https:\/\/balikesirobjektif.com\/index.php\/wp-json\/wp\/v2\/types\/post"}],"author":[{"embeddable":true,"href":"https:\/\/balikesirobjektif.com\/index.php\/wp-json\/wp\/v2\/users\/1"}],"replies":[{"embeddable":true,"href":"https:\/\/balikesirobjektif.com\/index.php\/wp-json\/wp\/v2\/comments?post=1339"}],"version-history":[{"count":9,"href":"https:\/\/balikesirobjektif.com\/index.php\/wp-json\/wp\/v2\/posts\/1339\/revisions"}],"predecessor-version":[{"id":1350,"href":"https:\/\/balikesirobjektif.com\/index.php\/wp-json\/wp\/v2\/posts\/1339\/revisions\/1350"}],"wp:featuredmedia":[{"embeddable":true,"href":"https:\/\/balikesirobjektif.com\/index.php\/wp-json\/wp\/v2\/media\/1343"}],"wp:attachment":[{"href":"https:\/\/balikesirobjektif.com\/index.php\/wp-json\/wp\/v2\/media?parent=1339"}],"wp:term":[{"taxonomy":"category","embeddable":true,"href":"https:\/\/balikesirobjektif.com\/index.php\/wp-json\/wp\/v2\/categories?post=1339"},{"taxonomy":"post_tag","embeddable":true,"href":"https:\/\/balikesirobjektif.com\/index.php\/wp-json\/wp\/v2\/tags?post=1339"}],"curies":[{"name":"wp","href":"https:\/\/api.w.org\/{rel}","templated":true}]}}