{"id":1448,"date":"2022-11-22T13:09:05","date_gmt":"2022-11-22T10:09:05","guid":{"rendered":"https:\/\/balikesirobjektif.com\/?p=1448"},"modified":"2022-11-22T13:09:05","modified_gmt":"2022-11-22T10:09:05","slug":"balikesirin-sporculari-turkiye-3ncusu","status":"publish","type":"post","link":"https:\/\/balikesirobjektif.com\/index.php\/2022\/11\/22\/balikesirin-sporculari-turkiye-3ncusu\/","title":{"rendered":"Bal\u0131kesir&#8217;in sporcular\u0131 T\u00fcrkiye 3&#8217;nc\u00fcs\u00fc"},"content":{"rendered":"<p>Kaptan Cimnastik Akademisi Ankara\u2019da ger\u00e7ekle\u015ftirilen Artistik Cimnastik 2. Lig 1. Etap m\u00fcsabakalar\u0131nda, T\u00fcrkiye ve KKTC\u2019den m\u00fcsabakalara kat\u0131lan 17 Kul\u00fcp aras\u0131nda s\u0131ralamada \u00fc\u00e7\u00fcnc\u00fc oldu.<br \/>\nArtistik Cimnastik 2. Lig 1. Etap m\u00fcsabakalar\u0131n\u0131n devam\u0131 niteli\u011finde olan ve T\u00fcrkiye Jimnastik Federasyonu Sancaktepe Kamp E\u011fitim Merkezi Spor Salonunda ger\u00e7ekle\u015ftirilen 2. Lig 2.Etap m\u00fcsabakalar\u0131nda yar\u0131\u015fan Kaptan Cimnastik Akademisi Gen\u00e7lik ve Spor Kul\u00fcb\u00fc, yar\u0131\u015fmaya kat\u0131lan 2. Lig Kul\u00fcpleri aras\u0131nda T\u00fcrkiye 3.l\u00fc\u011f\u00fcn\u00fc kazand\u0131.<br \/>\nKul\u00fcp Ba\u015fkan\u0131 Yetkin Kaptan: \u201c S\u00f6ylenecek \u00e7ok fazla bir \u015fey yok asl\u0131nda. Verilen emeklerin ve \u00e7aban\u0131n \u00e7ok fazla bile\u015feni mevcut. Sporcular\u0131m\u0131z ve ailelerimiz tam anlam\u0131 ile bir b\u00fct\u00fcn oldu. Ho\u015fg\u00f6r\u00fcn\u00fcn, azmin, sabr\u0131n, samimiyetin, disiplinin, \u00e7al\u0131\u015fman\u0131n ve daha \u00e7ok \u00e7al\u0131\u015fman\u0131n sonucu bug\u00fcn bulundu\u011fumuz noktad\u0131r. M\u00fcsabakalara ilk kat\u0131l\u0131m sa\u011flad\u0131\u011f\u0131m\u0131z y\u0131lda b\u00f6yle bir ba\u015far\u0131ya ula\u015fmak bizleri tabi ki gururland\u0131rd\u0131. Bu s\u00fcre\u00e7te emek verip ter d\u00f6ken ba\u015fta kul\u00fcp sporcular\u0131m\u0131z olmak \u00fczere, Kaptan Cimnastik Ailemize te\u015fekk\u00fcr etmek istiyorum. Bu vesile ile ba\u015fta bu etkinli\u011fe ev sahipli\u011fi yapan T\u00fcrkiye Cimnastik Federasyonuna ve K\u0131ymetli Y\u00f6neticilerine, Say\u0131n Hocalar\u0131m\u0131za ve Hakemlerimize, bizlere kendileri ile tan\u0131\u015fma ve yar\u0131\u015fma imkan\u0131 veren t\u00fcm kul\u00fcp y\u00f6neticisi hocalar\u0131m\u0131z ve k\u0131ymetli sporcular\u0131m\u0131za da \u015fahs\u0131m ve kul\u00fcb\u00fcm ad\u0131na ayr\u0131ca te\u015fekk\u00fcr etmek istiyorum\u201d dedi.<\/p>\n","protected":false},"excerpt":{"rendered":"<p>aptan Cimnastik Akademisi Ankara\u2019da ger\u00e7ekle\u015ftirilen Artistik Cimnastik 2. Lig 1. Etap m\u00fcsabakalar\u0131nda, T\u00fcrkiye ve KKTC\u2019den m\u00fcsabakalara kat\u0131lan 17 Kul\u00fcp aras\u0131nda s\u0131ralamada \u00fc\u00e7\u00fcnc\u00fc oldu.<\/p>\n","protected":false},"author":1,"featured_media":1449,"comment_status":"open","ping_status":"open","sticky":false,"template":"","format":"standard","meta":{"footnotes":""},"categories":[16,1,14],"tags":[531,579,485],"class_list":["post-1448","post","type-post","status-publish","format-standard","has-post-thumbnail","hentry","category-egitim","category-gundem","category-spor","tag-balikesir","tag-cimlastik","tag-spor"],"_links":{"self":[{"href":"https:\/\/balikesirobjektif.com\/index.php\/wp-json\/wp\/v2\/posts\/1448","targetHints":{"allow":["GET"]}}],"collection":[{"href":"https:\/\/balikesirobjektif.com\/index.php\/wp-json\/wp\/v2\/posts"}],"about":[{"href":"https:\/\/balikesirobjektif.com\/index.php\/wp-json\/wp\/v2\/types\/post"}],"author":[{"embeddable":true,"href":"https:\/\/balikesirobjektif.com\/index.php\/wp-json\/wp\/v2\/users\/1"}],"replies":[{"embeddable":true,"href":"https:\/\/balikesirobjektif.com\/index.php\/wp-json\/wp\/v2\/comments?post=1448"}],"version-history":[{"count":1,"href":"https:\/\/balikesirobjektif.com\/index.php\/wp-json\/wp\/v2\/posts\/1448\/revisions"}],"predecessor-version":[{"id":1451,"href":"https:\/\/balikesirobjektif.com\/index.php\/wp-json\/wp\/v2\/posts\/1448\/revisions\/1451"}],"wp:featuredmedia":[{"embeddable":true,"href":"https:\/\/balikesirobjektif.com\/index.php\/wp-json\/wp\/v2\/media\/1449"}],"wp:attachment":[{"href":"https:\/\/balikesirobjektif.com\/index.php\/wp-json\/wp\/v2\/media?parent=1448"}],"wp:term":[{"taxonomy":"category","embeddable":true,"href":"https:\/\/balikesirobjektif.com\/index.php\/wp-json\/wp\/v2\/categories?post=1448"},{"taxonomy":"post_tag","embeddable":true,"href":"https:\/\/balikesirobjektif.com\/index.php\/wp-json\/wp\/v2\/tags?post=1448"}],"curies":[{"name":"wp","href":"https:\/\/api.w.org\/{rel}","templated":true}]}}