{"id":1737,"date":"2023-04-14T10:55:49","date_gmt":"2023-04-14T07:55:49","guid":{"rendered":"https:\/\/balikesirobjektif.com\/?p=1737"},"modified":"2023-04-14T10:55:49","modified_gmt":"2023-04-14T07:55:49","slug":"ataturkun-ayvalika-gelisinin-89uncu-yil-donumu-kutlandi","status":"publish","type":"post","link":"https:\/\/balikesirobjektif.com\/index.php\/2023\/04\/14\/ataturkun-ayvalika-gelisinin-89uncu-yil-donumu-kutlandi\/","title":{"rendered":"Atat\u00fcrk\u2019\u00fcn Ayval\u0131k\u2019a geli\u015finin 89\u2019uncu y\u0131l d\u00f6n\u00fcm\u00fc kutland\u0131"},"content":{"rendered":"<p>T\u00fcrkiye Cumhuriyeti&#8217;nin kurucusu Gazi Mustafa Kemal Atat\u00fcrk\u2019\u00fcn Ayval\u0131k&#8217;a geli\u015finin 89\u2019uncu y\u0131l d\u00f6n\u00fcm\u00fc kutland\u0131. Program, Ayval\u0131k Karayollar\u0131 29&#8217;uncu \u015eube \u015eefli\u011fi bah\u00e7esinden ba\u015flad\u0131.<br \/>\nAtat\u00fcrk&#8217;\u00fcn il\u00e7eye giri\u015f yapt\u0131\u011f\u0131 g\u00fczergah \u00fczerinden ger\u00e7ekle\u015ftirilen y\u00fcr\u00fcy\u00fc\u015fe; Ayval\u0131k Kaymakam\u0131 Hasan Yaman, Ayval\u0131k Belediye Ba\u015fkan\u0131 Mesut Ergin, gaziler ve \u015fehit aileleri, siyasi parti ve sivil toplum \u00f6rg\u00fctlerinin temsilcileriyle \u00f6\u011frenciler kat\u0131ld\u0131.<br \/>\nCumhuriyet Meydan\u0131\u2019nda ger\u00e7ekle\u015ftirilen t\u00f6ren, sayg\u0131 duru\u015fu ve \u0130stiklal Mar\u015f\u0131 ile devam etti. \u00c7elenk takdimleri ve vatanda\u015flar\u0131n Atat\u00fcrk heykeline \u00e7i\u00e7ek sunumunun ard\u0131ndan Ayval\u0131k Belediye Ba\u015fkan\u0131 Mesut Ergin yapt\u0131\u011f\u0131 konu\u015fmada, 89 y\u0131l \u00f6nce, bug\u00fcn Ayval\u0131k\u2019a gelip bu topraklar\u0131 ziyaret eden Ulu \u00d6nder Mustafa Kemal Atat\u00fcrk\u2019\u00fcn g\u00fczerg\u00e2h\u0131ndan y\u00fcr\u00fcyerek halk\u0131n kar\u015f\u0131s\u0131na gelmekten duydu\u011fu mutlulu\u011fu dile getirdi.<br \/>\n13 Nisan 1934 tarihinde Atat\u00fcrk\u2019\u00fcn o g\u00fcnlerde yapt\u0131\u011f\u0131 yurt gezileri \u00e7er\u00e7evesinde Ayval\u0131k\u2019\u0131 da 89 y\u0131l \u00f6nce ziyaret etti\u011fini hat\u0131rlatan Ba\u015fkan Ergin, &#8220;89 y\u0131l \u00f6nce Ayval\u0131k\u2019a gelip bu topraklar\u0131 ziyaret eden Ulu \u00d6nder Mustafa Kemal Atat\u00fcrk\u2019\u00fcn g\u00fczerg\u00e2h\u0131ndan y\u00fcr\u00fcyerek halk\u0131n kar\u015f\u0131s\u0131na gelmekten bug\u00fcn de b\u00fcy\u00fck bir mutluluk ve onur duyuyorum. Atam\u0131z\u0131n il\u00e7emizi ziyaret etmesinin ard\u0131ndan 89 y\u0131l ge\u00e7mesine ra\u011fmen Ayval\u0131kl\u0131lar bu \u00f6zel g\u00fcn\u00fc her ge\u00e7en y\u0131l sanki ilk kez ya\u015fan\u0131l\u0131yormu\u015f\u00e7as\u0131na b\u00fcy\u00fck bir co\u015fkuyla, ayn\u0131 duygularla kutluyor. 13 Nisan hepimiz i\u00e7in gurur g\u00fcn\u00fc. Ayval\u0131kl\u0131lar Atat\u00fcrk\u2019e her y\u0131l 13 Nisan\u2019da g\u00f6n\u00fclden ba\u011fl\u0131l\u0131\u011f\u0131n\u0131 g\u00f6steriyor. Bu duygu ve d\u00fc\u015f\u00fcnce de Ayval\u0131k halk\u0131n\u0131n Atat\u00fcrk\u2019\u00fcn yolundan asla d\u00f6nmeyece\u011finin en \u00f6nemi g\u00f6stergesi. Mustafa Kemal Atat\u00fcrk, Kurtulu\u015f Sava\u015f\u0131\u2019ndan sonra, onurundan, ulus bilincinden ve \u00e7al\u0131\u015fkanl\u0131\u011f\u0131ndan ba\u015fka her \u015feyini yitirmi\u015f bir milletin kurtar\u0131c\u0131s\u0131 olurken; i\u00e7inde bulundu\u011fu durumu d\u00fc\u015f\u00fcnmeksizin, \u2018Herkes ulusal g\u00f6revini ve sorumlulu\u011funu bilmeli, memleket meseleleri \u00fczerinde o d\u00fc\u015f\u00fcnceyle, d\u00fc\u015f\u00fcn\u00fcp \u00e7al\u0131\u015fmay\u0131 g\u00f6rev edinmelidir\u2019 diyerek sorumluluk bilinci ve \u00e7al\u0131\u015fman\u0131n mecburiyetini yol olarak g\u00f6sterdi\u201d dedi.<\/p>\n<p><img loading=\"lazy\" decoding=\"async\" class=\"size-medium wp-image-1738\" src=\"https:\/\/balikesirobjektif.com\/wp-content\/uploads\/2023\/04\/AW869699_04-300x200.jpg\" alt=\"\" width=\"300\" height=\"200\" srcset=\"https:\/\/balikesirobjektif.com\/wp-content\/uploads\/2023\/04\/AW869699_04-300x200.jpg 300w, https:\/\/balikesirobjektif.com\/wp-content\/uploads\/2023\/04\/AW869699_04-1024x683.jpg 1024w, https:\/\/balikesirobjektif.com\/wp-content\/uploads\/2023\/04\/AW869699_04-768x512.jpg 768w, https:\/\/balikesirobjektif.com\/wp-content\/uploads\/2023\/04\/AW869699_04.jpg 1500w\" sizes=\"auto, (max-width: 300px) 100vw, 300px\" \/><\/p>\n","protected":false},"excerpt":{"rendered":"<p>T\u00fcrkiye Cumhuriyeti&#8217;nin kurucusu Gazi Mustafa Kemal Atat\u00fcrk\u2019\u00fcn Ayval\u0131k&#8217;a geli\u015finin 89\u2019uncu y\u0131l d\u00f6n\u00fcm\u00fc kutland\u0131.<\/p>\n","protected":false},"author":1,"featured_media":1739,"comment_status":"open","ping_status":"open","sticky":false,"template":"","format":"standard","meta":{"footnotes":""},"categories":[16,1],"tags":[671,551],"class_list":["post-1737","post","type-post","status-publish","format-standard","has-post-thumbnail","hentry","category-egitim","category-gundem","tag-ataturk","tag-ayvalik"],"_links":{"self":[{"href":"https:\/\/balikesirobjektif.com\/index.php\/wp-json\/wp\/v2\/posts\/1737","targetHints":{"allow":["GET"]}}],"collection":[{"href":"https:\/\/balikesirobjektif.com\/index.php\/wp-json\/wp\/v2\/posts"}],"about":[{"href":"https:\/\/balikesirobjektif.com\/index.php\/wp-json\/wp\/v2\/types\/post"}],"author":[{"embeddable":true,"href":"https:\/\/balikesirobjektif.com\/index.php\/wp-json\/wp\/v2\/users\/1"}],"replies":[{"embeddable":true,"href":"https:\/\/balikesirobjektif.com\/index.php\/wp-json\/wp\/v2\/comments?post=1737"}],"version-history":[{"count":1,"href":"https:\/\/balikesirobjektif.com\/index.php\/wp-json\/wp\/v2\/posts\/1737\/revisions"}],"predecessor-version":[{"id":1740,"href":"https:\/\/balikesirobjektif.com\/index.php\/wp-json\/wp\/v2\/posts\/1737\/revisions\/1740"}],"wp:featuredmedia":[{"embeddable":true,"href":"https:\/\/balikesirobjektif.com\/index.php\/wp-json\/wp\/v2\/media\/1739"}],"wp:attachment":[{"href":"https:\/\/balikesirobjektif.com\/index.php\/wp-json\/wp\/v2\/media?parent=1737"}],"wp:term":[{"taxonomy":"category","embeddable":true,"href":"https:\/\/balikesirobjektif.com\/index.php\/wp-json\/wp\/v2\/categories?post=1737"},{"taxonomy":"post_tag","embeddable":true,"href":"https:\/\/balikesirobjektif.com\/index.php\/wp-json\/wp\/v2\/tags?post=1737"}],"curies":[{"name":"wp","href":"https:\/\/api.w.org\/{rel}","templated":true}]}}