{"id":1741,"date":"2023-04-16T14:11:38","date_gmt":"2023-04-16T11:11:38","guid":{"rendered":"https:\/\/balikesirobjektif.com\/?p=1741"},"modified":"2023-04-16T14:11:38","modified_gmt":"2023-04-16T11:11:38","slug":"aytekinden-marmara-adasi-cikarmasi","status":"publish","type":"post","link":"https:\/\/balikesirobjektif.com\/index.php\/2023\/04\/16\/aytekinden-marmara-adasi-cikarmasi\/","title":{"rendered":"Aytekin&#8217;den Marmara Adas\u0131 \u00e7\u0131karmas\u0131"},"content":{"rendered":"<p style=\"font-weight: 400;\">CHP Bal\u0131kesir Milletvekili Ensar Aytekin, saha \u00e7al\u0131\u015fmalar\u0131 kapsam\u0131nda Marmara Adas\u0131ndayd\u0131.<\/p>\n<p style=\"font-weight: 400;\">Ada sakinlerini dinleyen Aytekin \u015fu de\u011ferlendirmelerde bulundu: \u201cBug\u00fcnk\u00fc program\u0131m\u0131z kapsam\u0131nda Marmara Adam\u0131z\u0131 ve B\u00fct\u00fcn\u015fehir yasas\u0131yla belde stat\u00fcs\u00fcn\u00fc kaybedip mahalleye d\u00f6n\u00fc\u015fen Saraylar\u2019\u0131 ziyaret ettik. Esnaf\u0131m\u0131z\u0131n dertlerini ve sorunlar\u0131n\u0131 dinliyoruz. \u00c7o\u011fu bildi\u011fimiz ve dile getirdi\u011fimiz sorunlar. Ancak dile getirmemize ra\u011fmen sorunlara dair \u00e7\u00f6z\u00fcm kaydedilmemi\u015f ve vatanda\u015f\u0131n derdi \u00f6telenmi\u015f durumda. Aday\u0131 ayakta tutan iki temel sekt\u00f6r var. Biri mermer sanayisi, di\u011feri bal\u0131k\u00e7\u0131l\u0131k. Mermer ocaklar\u0131nda \u00e7al\u0131\u015fan i\u015f\u00e7iler, \u00e7al\u0131\u015fma \u015fartlar\u0131ndan \u015fikayet\u00e7i. Verdikleri emek kar\u015f\u0131l\u0131\u011f\u0131nda sa\u011fl\u0131k sorunlar\u0131 ile kar\u015f\u0131 kar\u015f\u0131ya kald\u0131klar\u0131n\u0131 ifade ediyorlar. Bu alanda denetimsizlik maalesef maden ocaklar\u0131nda oldu\u011fu gibi burada da mevcut.<\/p>\n<p style=\"font-weight: 400;\">Bunun d\u0131\u015f\u0131nda, Marmara adas\u0131n\u0131n bitmeyen bir hastane \u00e7ilesi var. \u015eimdi yeni yap\u0131lmaya ba\u015flayan hastane de yine yetersiz kalacak. \u00c7\u00fcnk\u00fc adan\u0131n yaz aylar\u0131ndaki n\u00fcfusuna kar\u015f\u0131 bu hastane kapasitesi yetmez. Ayr\u0131ca yine bir yerle\u015fim alan\u0131 d\u0131\u015f\u0131nda hastane ger\u00e7e\u011fiyle kar\u015f\u0131 kar\u015f\u0131yay\u0131z. \u0130ktidar oldu\u011fumuzda bu alanda ya\u015fanan sorunlar\u0131 g\u00fcn\u00fc ge\u00e7irici \u00e7\u00f6z\u00fcm \u00f6nerileri ile de\u011fil, ger\u00e7ek\u00e7i \u00e7\u00f6z\u00fcmlerle ortadan kald\u0131raca\u011f\u0131z.<\/p>\n<p style=\"font-weight: 400;\"><img loading=\"lazy\" decoding=\"async\" class=\"alignnone  wp-image-1743\" src=\"https:\/\/balikesirobjektif.com\/wp-content\/uploads\/2023\/04\/IMG_1443-300x200.jpg\" alt=\"\" width=\"413\" height=\"275\" srcset=\"https:\/\/balikesirobjektif.com\/wp-content\/uploads\/2023\/04\/IMG_1443-300x200.jpg 300w, https:\/\/balikesirobjektif.com\/wp-content\/uploads\/2023\/04\/IMG_1443-768x512.jpg 768w, https:\/\/balikesirobjektif.com\/wp-content\/uploads\/2023\/04\/IMG_1443.jpg 1024w\" sizes=\"auto, (max-width: 413px) 100vw, 413px\" \/><\/p>\n<p style=\"font-weight: 400;\">\u2018Bal\u0131k\u00e7\u0131lar Kan A\u011fl\u0131yor\u2019<\/p>\n<p style=\"font-weight: 400;\">Yine yapt\u0131\u011f\u0131m\u0131z ziyarette bal\u0131k\u00e7\u0131lar ciddi sorunlar\u0131 g\u00fcndeme getirdiler. Marmara\u2019da ya\u015fanan m\u00fcsilaj sonras\u0131, \u00f6zellikle \u2018Marmara\u2019dan \u00e7\u0131kan bal\u0131\u011f\u0131 yemeyin\u2019 gibi s\u00f6ylemlerin bal\u0131k\u00e7\u0131l\u0131k sekt\u00f6r\u00fcn\u00fc yerle bir etti\u011fini ifade ettiler. S\u00fcrd\u00fcr\u00fclebilirlikten uzak politikalarla bu sorunlar \u00e7\u00f6z\u00fclmez. \u00d6rne\u011fin 12 metreden uzun teknelere uygulanan s\u0131n\u0131rland\u0131rman\u0131n keskin kurallar\u0131, sekt\u00f6r\u00fcn g\u00f6r\u00fc\u015f\u00fcn\u00fc almadan geli\u015ftirilen politikalar sekt\u00f6r\u00fc ciddi \u015fekilde risk alt\u0131nda b\u0131rakm\u0131\u015f.<\/p>\n<p style=\"font-weight: 400;\">\u201914 May\u0131s Sonras\u0131 \u00c7\u00f6z\u00fcmlerimiz Haz\u0131r\u2019<\/p>\n<p style=\"font-weight: 400;\">\u0130ktidara geldi\u011fimizde sorunu do\u011fru \u015fekilde tespit edip, ger\u00e7ek \u00e7\u00f6z\u00fcm \u00f6nerilerini hayata ge\u00e7irece\u011fiz. Yanl\u0131\u015f te\u015fhisle hasta kurtulmaz. Bug\u00fcn bal\u0131k\u00e7\u0131 a\u011f\u0131n\u0131n \u00fcst\u00fcndeki bir mantar bile 80 liraya gelmi\u015f. Yani enflasyon buray\u0131 da yerle bir etmi\u015f. Bu b\u00f6yle gitmez. \u0130ktidar\u0131m\u0131zda t\u00fcm payda\u015flarla birlikte Denizcilik Politikas\u0131 ve Rekabet\u00e7i Denizcilik Yat\u0131r\u0131m Stratejisi haz\u0131rlayacak, deniz yetki alanlar\u0131n\u0131 d\u00fczenleyecek bu belgede deniz emniyeti, deniz ticareti, deniz \u00e7evresinin korunmas\u0131, deniz turizmi, deniz alt\u0131 madencili\u011fi, bal\u0131k\u00e7\u0131l\u0131k ve benzeri alanlarda temel ilkeleri ortaya koyarak uygulama birli\u011fi sa\u011flayaca\u011f\u0131z. Bal\u0131k\u00e7\u0131l\u0131k ve su \u00fcr\u00fcnleri sekt\u00f6r\u00fcn\u00fcn en temel sorunlar\u0131 olan envanter, bal\u0131k\u00e7\u0131 bar\u0131naklar\u0131n\u0131n rehabilitasyonu, \u00fcr\u00fcn etiketleme ve men\u015fe, gemi adam\u0131 istihdam ve temini mazot deste\u011fi gibi konularda h\u0131zl\u0131 \u00e7\u00f6z\u00fcmler sa\u011flayaca\u011f\u0131z.\u201d<\/p>\n","protected":false},"excerpt":{"rendered":"<p>Cumhuriyet Halk Partisi Bal\u0131kesir Milletvekili ve 28. D\u00f6nem Milletvekili aday\u0131 Ensar Aytekin, se\u00e7im program\u0131 kapsam\u0131nda Marmara Adas\u0131n\u0131 ziyaret etti. \u0130l\u00e7e Ba\u015fkan\u0131 Nevzat Ba\u015fkan ve partililerce kar\u015f\u0131lanan Aytekin, Ada esnaf\u0131n\u0131 ve sakinlerini ziyaret ettikten sonra Saraylar\u2019a ge\u00e7erek, vatanda\u015fla bulu\u015ftu.<\/p>\n","protected":false},"author":1,"featured_media":1742,"comment_status":"open","ping_status":"open","sticky":false,"template":"","format":"standard","meta":{"footnotes":""},"categories":[7,1,529,11,534],"tags":[531,283,672,667,532],"class_list":["post-1741","post","type-post","status-publish","format-standard","has-post-thumbnail","hentry","category-ekonomi","category-gundem","category-ilceler","category-manset","category-siyaset","tag-balikesir","tag-chp","tag-ensar-aytekin","tag-marmara","tag-ustmanset"],"_links":{"self":[{"href":"https:\/\/balikesirobjektif.com\/index.php\/wp-json\/wp\/v2\/posts\/1741","targetHints":{"allow":["GET"]}}],"collection":[{"href":"https:\/\/balikesirobjektif.com\/index.php\/wp-json\/wp\/v2\/posts"}],"about":[{"href":"https:\/\/balikesirobjektif.com\/index.php\/wp-json\/wp\/v2\/types\/post"}],"author":[{"embeddable":true,"href":"https:\/\/balikesirobjektif.com\/index.php\/wp-json\/wp\/v2\/users\/1"}],"replies":[{"embeddable":true,"href":"https:\/\/balikesirobjektif.com\/index.php\/wp-json\/wp\/v2\/comments?post=1741"}],"version-history":[{"count":1,"href":"https:\/\/balikesirobjektif.com\/index.php\/wp-json\/wp\/v2\/posts\/1741\/revisions"}],"predecessor-version":[{"id":1744,"href":"https:\/\/balikesirobjektif.com\/index.php\/wp-json\/wp\/v2\/posts\/1741\/revisions\/1744"}],"wp:featuredmedia":[{"embeddable":true,"href":"https:\/\/balikesirobjektif.com\/index.php\/wp-json\/wp\/v2\/media\/1742"}],"wp:attachment":[{"href":"https:\/\/balikesirobjektif.com\/index.php\/wp-json\/wp\/v2\/media?parent=1741"}],"wp:term":[{"taxonomy":"category","embeddable":true,"href":"https:\/\/balikesirobjektif.com\/index.php\/wp-json\/wp\/v2\/categories?post=1741"},{"taxonomy":"post_tag","embeddable":true,"href":"https:\/\/balikesirobjektif.com\/index.php\/wp-json\/wp\/v2\/tags?post=1741"}],"curies":[{"name":"wp","href":"https:\/\/api.w.org\/{rel}","templated":true}]}}