{"id":1749,"date":"2023-04-21T00:54:19","date_gmt":"2023-04-20T21:54:19","guid":{"rendered":"https:\/\/balikesirobjektif.com\/?p=1749"},"modified":"2023-04-21T00:54:19","modified_gmt":"2023-04-20T21:54:19","slug":"yetkili-serviste-yangin","status":"publish","type":"post","link":"https:\/\/balikesirobjektif.com\/index.php\/2023\/04\/21\/yetkili-serviste-yangin\/","title":{"rendered":"Yetkili serviste yang\u0131n"},"content":{"rendered":"<p>Bal\u0131kesir&#8217;de bir otomobil yetkili servisinde yang\u0131n pani\u011fi ya\u015fand\u0131. \u0130\u00e7inde s\u0131f\u0131r kilometre otomobillerin bulundu\u011fu yetkili servisten dumanlar y\u00fckseldi. Olay yerine \u00e7ok say\u0131da itfaiye ekibi sevk edilirken, s\u0131f\u0131r kilometre ara\u00e7lar\u0131n d\u00fckkan\u0131n \u00f6n\u00fcnde olmas\u0131 \u015fans olarak nitelendirildi. Otomobillerin bak\u0131mlar\u0131n\u0131n yap\u0131ld\u0131\u011f\u0131 servis k\u0131sm\u0131nda \u00e7\u0131kan yang\u0131nda, baz\u0131 m\u00fc\u015fterilerin ara\u00e7lar\u0131 da hasar g\u00f6rd\u00fc. Yang\u0131nda yaralanan olmazken, yang\u0131n\u0131n ilk anlar\u0131 da vatanda\u015flarca g\u00f6r\u00fcnt\u00fclendi.<br \/>\n\u0130\u015fyerinde hasar tespit \u00e7al\u0131\u015fmalar\u0131 s\u00fcr\u00fcyor.<\/p>\n","protected":false},"excerpt":{"rendered":"<p>Bal\u0131kesir&#8217;de bir otomobil yetkili servisinde yang\u0131n \u00e7\u0131kt\u0131. Bir \u00e7ok s\u0131f\u0131r kilometre arac\u0131n i\u015fyerinin \u00f6n\u00fcnde olmas\u0131 b\u00fcy\u00fck bir faciay\u0131 \u00f6nlerken, servis k\u0131sm\u0131nda \u00e7\u0131kan yang\u0131nda baz\u0131 otomobiller hasar g\u00f6rd\u00fc.<\/p>\n","protected":false},"author":1,"featured_media":1750,"comment_status":"open","ping_status":"open","sticky":false,"template":"","format":"standard","meta":{"footnotes":""},"categories":[127,1,11],"tags":[361,368,532,628],"class_list":["post-1749","post","type-post","status-publish","format-standard","has-post-thumbnail","hentry","category-asayis","category-gundem","category-manset","tag-arac","tag-otomobil","tag-ustmanset","tag-yangin"],"_links":{"self":[{"href":"https:\/\/balikesirobjektif.com\/index.php\/wp-json\/wp\/v2\/posts\/1749","targetHints":{"allow":["GET"]}}],"collection":[{"href":"https:\/\/balikesirobjektif.com\/index.php\/wp-json\/wp\/v2\/posts"}],"about":[{"href":"https:\/\/balikesirobjektif.com\/index.php\/wp-json\/wp\/v2\/types\/post"}],"author":[{"embeddable":true,"href":"https:\/\/balikesirobjektif.com\/index.php\/wp-json\/wp\/v2\/users\/1"}],"replies":[{"embeddable":true,"href":"https:\/\/balikesirobjektif.com\/index.php\/wp-json\/wp\/v2\/comments?post=1749"}],"version-history":[{"count":1,"href":"https:\/\/balikesirobjektif.com\/index.php\/wp-json\/wp\/v2\/posts\/1749\/revisions"}],"predecessor-version":[{"id":1751,"href":"https:\/\/balikesirobjektif.com\/index.php\/wp-json\/wp\/v2\/posts\/1749\/revisions\/1751"}],"wp:featuredmedia":[{"embeddable":true,"href":"https:\/\/balikesirobjektif.com\/index.php\/wp-json\/wp\/v2\/media\/1750"}],"wp:attachment":[{"href":"https:\/\/balikesirobjektif.com\/index.php\/wp-json\/wp\/v2\/media?parent=1749"}],"wp:term":[{"taxonomy":"category","embeddable":true,"href":"https:\/\/balikesirobjektif.com\/index.php\/wp-json\/wp\/v2\/categories?post=1749"},{"taxonomy":"post_tag","embeddable":true,"href":"https:\/\/balikesirobjektif.com\/index.php\/wp-json\/wp\/v2\/tags?post=1749"}],"curies":[{"name":"wp","href":"https:\/\/api.w.org\/{rel}","templated":true}]}}