{"id":2775,"date":"2024-03-05T15:35:34","date_gmt":"2024-03-05T12:35:34","guid":{"rendered":"https:\/\/balikesirobjektif.com\/?p=2775"},"modified":"2024-03-05T15:35:34","modified_gmt":"2024-03-05T12:35:34","slug":"kepsut-cankulu-seviyor","status":"publish","type":"post","link":"https:\/\/balikesirobjektif.com\/index.php\/2024\/03\/05\/kepsut-cankulu-seviyor\/","title":{"rendered":"Kepsut Cankul&#8217;u seviyor"},"content":{"rendered":"<div class=\"xdj266r x11i5rnm xat24cr x1mh8g0r x1vvkbs x126k92a\">\n<div dir=\"auto\">Kepsut Belediye Ba\u015fkan\u0131 \u0130smail Cankul, gerek il\u00e7e merkezinde gerekse k\u0131rsalda halktan biri olarak ilgi g\u00f6r\u00fcyor. Se\u00e7im \u00e7al\u0131\u015fmalar\u0131n\u0131 k\u0131rsalda s\u00fcrd\u00fcren Ba\u015fkan Cankul, vatanda\u015flarla bir araya gelerek talepleri tek tek not ediyor.<\/div>\n<div dir=\"auto\">\u00a0Ak\u00e7ak\u00f6y, Karahaliller, Ahlatl\u0131gedik, Dar\u0131\u00e7ukuru, Danahisar ve Araplar mahallelerinde ziyaretlerde bulunan Belediye Ba\u015fkan\u0131 \u0130smail Cankul, k\u0131rsalya ya\u015fayan vatanda\u015flar\u0131 dinledi. Y\u00f6re sakinleri ile isti\u015farelerde bulunan Ba\u015fkan Cankul, yap\u0131lan \u00e7al\u0131\u015fmalar\u0131 da yerinde inceledi.<\/div>\n<\/div>\n<div class=\"x11i5rnm xat24cr x1mh8g0r x1vvkbs xtlvy1s x126k92a\">\n<div dir=\"auto\"><\/div>\n<\/div>\n","protected":false},"excerpt":{"rendered":"<p>Kepsut Belediye Ba\u015fkan\u0131 \u0130smail Cankul, gerek il\u00e7e merkezinde gerekse k\u0131rsalda halktan biri olarak ilgi g\u00f6r\u00fcyor. Se\u00e7im \u00e7al\u0131\u015fmalar\u0131n\u0131 k\u0131rsalda s\u00fcrd\u00fcren Ba\u015fkan Cankul, vatanda\u015flarla bir araya gelerek talepleri tek tek not ediyor. \u00a0Ak\u00e7ak\u00f6y, Karahaliller, Ahlatl\u0131gedik, Dar\u0131\u00e7ukuru, Danahisar ve Araplar mahallelerinde ziyaretlerde bulunan Belediye Ba\u015fkan\u0131 \u0130smail Cankul, k\u0131rsalya ya\u015fayan vatanda\u015flar\u0131 dinledi. Y\u00f6re sakinleri ile isti\u015farelerde bulunan Ba\u015fkan Cankul, [&hellip;]<\/p>\n","protected":false},"author":1,"featured_media":2777,"comment_status":"open","ping_status":"open","sticky":false,"template":"","format":"standard","meta":{"footnotes":""},"categories":[1],"tags":[886,803,656],"class_list":["post-2775","post","type-post","status-publish","format-standard","has-post-thumbnail","hentry","category-gundem","tag-ismail-cankul","tag-kepsut","tag-secim"],"_links":{"self":[{"href":"https:\/\/balikesirobjektif.com\/index.php\/wp-json\/wp\/v2\/posts\/2775","targetHints":{"allow":["GET"]}}],"collection":[{"href":"https:\/\/balikesirobjektif.com\/index.php\/wp-json\/wp\/v2\/posts"}],"about":[{"href":"https:\/\/balikesirobjektif.com\/index.php\/wp-json\/wp\/v2\/types\/post"}],"author":[{"embeddable":true,"href":"https:\/\/balikesirobjektif.com\/index.php\/wp-json\/wp\/v2\/users\/1"}],"replies":[{"embeddable":true,"href":"https:\/\/balikesirobjektif.com\/index.php\/wp-json\/wp\/v2\/comments?post=2775"}],"version-history":[{"count":1,"href":"https:\/\/balikesirobjektif.com\/index.php\/wp-json\/wp\/v2\/posts\/2775\/revisions"}],"predecessor-version":[{"id":2778,"href":"https:\/\/balikesirobjektif.com\/index.php\/wp-json\/wp\/v2\/posts\/2775\/revisions\/2778"}],"wp:featuredmedia":[{"embeddable":true,"href":"https:\/\/balikesirobjektif.com\/index.php\/wp-json\/wp\/v2\/media\/2777"}],"wp:attachment":[{"href":"https:\/\/balikesirobjektif.com\/index.php\/wp-json\/wp\/v2\/media?parent=2775"}],"wp:term":[{"taxonomy":"category","embeddable":true,"href":"https:\/\/balikesirobjektif.com\/index.php\/wp-json\/wp\/v2\/categories?post=2775"},{"taxonomy":"post_tag","embeddable":true,"href":"https:\/\/balikesirobjektif.com\/index.php\/wp-json\/wp\/v2\/tags?post=2775"}],"curies":[{"name":"wp","href":"https:\/\/api.w.org\/{rel}","templated":true}]}}