{"id":2787,"date":"2024-03-06T14:06:52","date_gmt":"2024-03-06T11:06:52","guid":{"rendered":"https:\/\/balikesirobjektif.com\/?p=2787"},"modified":"2024-03-06T14:06:52","modified_gmt":"2024-03-06T11:06:52","slug":"eray-buyuksehir-ve-altieylul-uyum-icinde-hizmet-edecek","status":"publish","type":"post","link":"https:\/\/balikesirobjektif.com\/index.php\/2024\/03\/06\/eray-buyuksehir-ve-altieylul-uyum-icinde-hizmet-edecek\/","title":{"rendered":"Eray, \u201cB\u00fcy\u00fck\u015fehir ve Alt\u0131eyl\u00fcl uyum i\u00e7inde hizmet edecek\u201d"},"content":{"rendered":"<p>Cumhur \u0130ttifak\u0131 Alt\u0131eyl\u00fcl Belediye Ba\u015fkan aday\u0131 Mesut Eray se\u00e7im \u00e7al\u0131\u015fmalar\u0131na h\u0131z kesmeden devam ediyor.<br \/>\nBayat, Ayvac\u0131k, Dedeburnu, Ak\u00e7ak\u00f6y ve Selimiye k\u0131rsal mahallelerinde co\u015fkuyla kar\u015f\u0131lanan Eray, ba\u015fkan se\u00e7ildi\u011fi takdirde k\u0131rsal mahallelere \u00f6ncelik verece\u011fini s\u00f6yledi. Eray, \u201cYerel se\u00e7imlerde B\u00fcy\u00fck\u015fehir ve il\u00e7e belediye ba\u015fkanlar\u0131, meclis \u00fcyeleri ve muhtar se\u00e7imlerini yapaca\u011f\u0131z. Burada B\u00fcy\u00fck\u015fehir Belediye Ba\u015fkan\u0131 se\u00e7imi de \u00e7ok \u00f6nemli. Ba\u015fkan\u0131n\u0131z olarak beni se\u00e7ti\u011finiz takdirde ilk olarak k\u0131rsal mahallelerde hizmete ba\u015flayaca\u011f\u0131m. Ben dokuz y\u0131la yak\u0131n Organize Sanayi B\u00f6lge M\u00fcd\u00fcrl\u00fc\u011f\u00fc g\u00f6revimi ba\u015far\u0131yla s\u00fcrd\u00fcrd\u00fcm. Dokuz y\u0131lda 15 bin istihdam yaratan ekibin i\u00e7indeydim. \u015eehrimize, alt yap\u0131s\u0131ndan \u00fcst yap\u0131s\u0131na kadar b\u00fcy\u00fck yat\u0131r\u0131mc\u0131lar\u0131n tercih edece\u011fi bir Sanayi B\u00f6lgesi kazand\u0131rd\u0131k. Bunu B\u00fcy\u00fck\u015fehir Belediye Ba\u015fkan\u0131 Y\u00fccel Y\u0131lmaz ile uyum i\u00e7inde, onun da destekleri ile ger\u00e7ekle\u015ftirdik. Bu tecr\u00fcbelerimi Alt\u0131eyl\u00fcl\u2019 \u00fcn yarar\u0131na sunaca\u011f\u0131m. Bunu yaparken de yine Y\u00fccel Ba\u015fkan\u0131m\u0131z en b\u00fcy\u00fck destek\u00e7imiz olacak. Sizlerle bulu\u015faca\u011f\u0131m\u0131 iletti\u011fimde bana; \u2018Vatanda\u015flar\u0131m\u0131za benden selam s\u00f6yle, sen ne s\u00f6z veriyorsan yapmaya haz\u0131r\u0131m.\u2019 dedi. B\u00fcy\u00fck projeler ve hizmetler i\u00e7in B\u00fcy\u00fck\u015fehir Belediyesi ile uyumun \u00f6nemine dikkat \u00e7eken Eray, \u201cYerel se\u00e7imlerde b\u00fcy\u00fck\u015fehir, il\u00e7e belediye, meclis \u00fcyeleri ve muhtar se\u00e7imi yap\u0131l\u0131yor. Burada B\u00fcy\u00fck\u015fehir Belediye Ba\u015fkan\u0131 ile il\u00e7e belediye ba\u015fkan\u0131 uyumu \u00e7ok \u00f6nemli. Ben k\u0131rsal mahallelerimizi cazibe merkezi haline getirece\u011fimi s\u00f6yl\u00fcyorum. Bunu ger\u00e7ekle\u015ftirirken il\u00e7e belediyemizin b\u00fct\u00e7esinin yan\u0131 s\u0131ra, b\u00fcy\u00fck yat\u0131r\u0131mlar i\u00e7in hem b\u00fcy\u00fck\u015fehir belediyemiz ile, hem de milletvekillerimizin Ankara\u2019dan destekleri ile yerine getirece\u011fiz. Sizler de Y\u00fccel Ba\u015fkan\u0131m\u0131z\u0131n ba\u015far\u0131l\u0131 \u00e7al\u0131\u015fmalar\u0131n\u0131 g\u00f6r\u00fcyorsunuz. Cumhurba\u015fkan\u0131m\u0131z Say\u0131n Recep Tayyip Erdo\u011fan \u2018B\u00fcy\u00fck\u015fehir\u2019de Y\u00fccel Y\u0131lmaz\u2019\u0131, Alt\u0131eyl\u00fcl\u2019 de Mesut Eray\u2019\u0131 size emanet ediyorum.\u2019 dedi. Sizlerin bu emanete gereken deste\u011fi verece\u011finizden hi\u00e7 \u015f\u00fcphem yok.\u201d diye konu\u015ftu.<br \/>\nK\u0131rsal mahalle ziyaretlerinde Cumhur \u0130ttifak\u0131 aday\u0131 Mesut Eray\u2019a, Bal\u0131kesir Milletvekili \u0130smail Ok, AK Parti Alt\u0131eyl\u00fcl \u0130l\u00e7e Ba\u015fkan\u0131 Erdin\u00e7 Alcan, meclis \u00fcyeleri ve te\u015fkilat mensuplar\u0131 e\u015flik etti.<span style=\"color: #888888;\"><br clear=\"all\" \/><\/span><\/p>\n<div><img loading=\"lazy\" decoding=\"async\" class=\"alignnone size-medium wp-image-2788\" src=\"https:\/\/balikesirobjektif.com\/wp-content\/uploads\/2024\/03\/WhatsApp-Image-2024-03-06-at-11.12.03-300x200.jpeg\" alt=\"\" width=\"300\" height=\"200\" srcset=\"https:\/\/balikesirobjektif.com\/wp-content\/uploads\/2024\/03\/WhatsApp-Image-2024-03-06-at-11.12.03-300x200.jpeg 300w, https:\/\/balikesirobjektif.com\/wp-content\/uploads\/2024\/03\/WhatsApp-Image-2024-03-06-at-11.12.03-1024x682.jpeg 1024w, https:\/\/balikesirobjektif.com\/wp-content\/uploads\/2024\/03\/WhatsApp-Image-2024-03-06-at-11.12.03-768x512.jpeg 768w, https:\/\/balikesirobjektif.com\/wp-content\/uploads\/2024\/03\/WhatsApp-Image-2024-03-06-at-11.12.03-1536x1023.jpeg 1536w, https:\/\/balikesirobjektif.com\/wp-content\/uploads\/2024\/03\/WhatsApp-Image-2024-03-06-at-11.12.03.jpeg 1600w\" sizes=\"auto, (max-width: 300px) 100vw, 300px\" \/><\/div>\n","protected":false},"excerpt":{"rendered":"<p>Cumhur \u0130ttifak\u0131 Alt\u0131eyl\u00fcl Belediye Ba\u015fkan aday\u0131 Mesut Eray se\u00e7im \u00e7al\u0131\u015fmalar\u0131na h\u0131z kesmeden devam ediyor.<\/p>\n","protected":false},"author":1,"featured_media":2789,"comment_status":"open","ping_status":"open","sticky":false,"template":"","format":"standard","meta":{"footnotes":""},"categories":[534],"tags":[299,631,887,656],"class_list":["post-2787","post","type-post","status-publish","format-standard","has-post-thumbnail","hentry","category-siyaset","tag-akp","tag-altieylul","tag-musuteray","tag-secim"],"_links":{"self":[{"href":"https:\/\/balikesirobjektif.com\/index.php\/wp-json\/wp\/v2\/posts\/2787","targetHints":{"allow":["GET"]}}],"collection":[{"href":"https:\/\/balikesirobjektif.com\/index.php\/wp-json\/wp\/v2\/posts"}],"about":[{"href":"https:\/\/balikesirobjektif.com\/index.php\/wp-json\/wp\/v2\/types\/post"}],"author":[{"embeddable":true,"href":"https:\/\/balikesirobjektif.com\/index.php\/wp-json\/wp\/v2\/users\/1"}],"replies":[{"embeddable":true,"href":"https:\/\/balikesirobjektif.com\/index.php\/wp-json\/wp\/v2\/comments?post=2787"}],"version-history":[{"count":1,"href":"https:\/\/balikesirobjektif.com\/index.php\/wp-json\/wp\/v2\/posts\/2787\/revisions"}],"predecessor-version":[{"id":2790,"href":"https:\/\/balikesirobjektif.com\/index.php\/wp-json\/wp\/v2\/posts\/2787\/revisions\/2790"}],"wp:featuredmedia":[{"embeddable":true,"href":"https:\/\/balikesirobjektif.com\/index.php\/wp-json\/wp\/v2\/media\/2789"}],"wp:attachment":[{"href":"https:\/\/balikesirobjektif.com\/index.php\/wp-json\/wp\/v2\/media?parent=2787"}],"wp:term":[{"taxonomy":"category","embeddable":true,"href":"https:\/\/balikesirobjektif.com\/index.php\/wp-json\/wp\/v2\/categories?post=2787"},{"taxonomy":"post_tag","embeddable":true,"href":"https:\/\/balikesirobjektif.com\/index.php\/wp-json\/wp\/v2\/tags?post=2787"}],"curies":[{"name":"wp","href":"https:\/\/api.w.org\/{rel}","templated":true}]}}