{"id":2791,"date":"2024-03-06T14:12:06","date_gmt":"2024-03-06T11:12:06","guid":{"rendered":"https:\/\/balikesirobjektif.com\/?p=2791"},"modified":"2024-03-06T14:12:06","modified_gmt":"2024-03-06T11:12:06","slug":"bandirma-entegre-su-projesinin-yuzde-44u-tamamlandi","status":"publish","type":"post","link":"https:\/\/balikesirobjektif.com\/index.php\/2024\/03\/06\/bandirma-entegre-su-projesinin-yuzde-44u-tamamlandi\/","title":{"rendered":"Band\u0131rma Entegre Su Projesi\u2019nin y\u00fczde 44\u2019\u00fc tamamland\u0131"},"content":{"rendered":"<p>Bal\u0131kesir B\u00fcy\u00fck\u015fehir Belediyesi, Band\u0131rma\u2019n\u0131n en \u00f6nemli ihtiya\u00e7lar\u0131ndan biri olan \u0130leri Biyolojik Band\u0131rma At\u0131ksu Ar\u0131tma Tesisi yap\u0131m\u0131n\u0131n y\u00fczde 44\u2019\u00fcn\u00fc tamamlad\u0131. H\u0131zla devam eden \u00e7al\u0131\u015fmalar\u0131n sonunda Band\u0131rma K\u00f6rfezi eski ihti\u015fam\u0131na kavu\u015facak.<br \/>\nBal\u0131kesir B\u00fcy\u00fck\u015fehir Belediyesi i\u015ftiraklerinden BASK\u0130 Genel M\u00fcd\u00fcrl\u00fc\u011f\u00fc, y\u0131llard\u0131r derin de\u015farj y\u00f6ntemiyle evsel ve kanalizasyon at\u0131klar\u0131n\u0131n b\u0131rak\u0131ld\u0131\u011f\u0131, kirlili\u011fin toplum sa\u011fl\u0131\u011f\u0131n\u0131 tehdit edecek boyutlara ula\u015ft\u0131\u011f\u0131 Band\u0131rma K\u00f6rfezi\u2019nde Entegre Su Projesi\u2019nin yap\u0131m\u0131na devam ediyor. B\u00fcy\u00fck\u015fehir Belediye Ba\u015fkan\u0131 Y\u00fccel Y\u0131lmaz\u2019\u0131n g\u00f6reve gelir gelmez projelerini haz\u0131rlatarak ba\u015flatt\u0131\u011f\u0131 \u00e7al\u0131\u015fmalar kapsam\u0131nda; 3 bin 500 metre terfi ve de\u015farj hatt\u0131 ile 24.533 m3\/g\u00fcn ve 173 bin ki\u015fi kapasiteli ileri biyolojik ar\u0131t\u0131m prosesine sahip, at\u0131ksu ar\u0131tma tesisi yap\u0131m\u0131n y\u00fczde 44\u2019\u00fc tamamland\u0131.<br \/>\n\u0130l\u00e7ede derin de\u015farj\u0131 ortadan kald\u0131rarak Band\u0131rma K\u00f6rfezi\u2019ni daha sa\u011fl\u0131kl\u0131 bir hale getirecek olan B\u00fcy\u00fck\u015fehir Belediyesi ayn\u0131 zamanda sa\u011fl\u0131kl\u0131 i\u00e7me suyunu kesintisiz olarak t\u00fcm vatanda\u015flara sa\u011flayacak. Tesisin devreye al\u0131nmas\u0131yla birlikte Band\u0131rma K\u00f6rfezi, eski ihti\u015faml\u0131 ve temiz g\u00fcnlerine geri d\u00f6necek. Y\u00fczde 84\u2019\u00fc Avrupa Komisyonu, y\u00fczde 6,4\u2019\u00fc \u00c7evre ve \u015eehircilik Bakanl\u0131\u011f\u0131ndan hibe olan Entegre Su Projesi\u2019nin; geriye kalan y\u00fczde 9,6\u2019l\u0131k k\u0131sm\u0131 ise BASK\u0130 Genel M\u00fcd\u00fcrl\u00fc\u011f\u00fc taraf\u0131ndan sa\u011flan\u0131yor.<\/p>\n<p><img loading=\"lazy\" decoding=\"async\" class=\"size-medium wp-image-2794\" src=\"https:\/\/balikesirobjektif.com\/wp-content\/uploads\/2024\/03\/AW156341_02-300x169.jpg\" alt=\"\" width=\"300\" height=\"169\" srcset=\"https:\/\/balikesirobjektif.com\/wp-content\/uploads\/2024\/03\/AW156341_02-300x169.jpg 300w, https:\/\/balikesirobjektif.com\/wp-content\/uploads\/2024\/03\/AW156341_02-1024x576.jpg 1024w, https:\/\/balikesirobjektif.com\/wp-content\/uploads\/2024\/03\/AW156341_02-768x432.jpg 768w, https:\/\/balikesirobjektif.com\/wp-content\/uploads\/2024\/03\/AW156341_02-1536x864.jpg 1536w, https:\/\/balikesirobjektif.com\/wp-content\/uploads\/2024\/03\/AW156341_02-2048x1152.jpg 2048w\" sizes=\"auto, (max-width: 300px) 100vw, 300px\" \/><\/p>\n<p><img loading=\"lazy\" decoding=\"async\" class=\"size-medium wp-image-2792\" src=\"https:\/\/balikesirobjektif.com\/wp-content\/uploads\/2024\/03\/AW156341_03-300x169.jpg\" alt=\"\" width=\"300\" height=\"169\" srcset=\"https:\/\/balikesirobjektif.com\/wp-content\/uploads\/2024\/03\/AW156341_03-300x169.jpg 300w, https:\/\/balikesirobjektif.com\/wp-content\/uploads\/2024\/03\/AW156341_03-1024x576.jpg 1024w, https:\/\/balikesirobjektif.com\/wp-content\/uploads\/2024\/03\/AW156341_03-768x432.jpg 768w, https:\/\/balikesirobjektif.com\/wp-content\/uploads\/2024\/03\/AW156341_03-1536x864.jpg 1536w, https:\/\/balikesirobjektif.com\/wp-content\/uploads\/2024\/03\/AW156341_03-2048x1152.jpg 2048w\" sizes=\"auto, (max-width: 300px) 100vw, 300px\" \/><\/p>\n","protected":false},"excerpt":{"rendered":"<p>Bal\u0131kesir B\u00fcy\u00fck\u015fehir Belediyesi, Band\u0131rma\u2019n\u0131n en \u00f6nemli ihtiya\u00e7lar\u0131ndan biri olan \u0130leri Biyolojik Band\u0131rma At\u0131ksu Ar\u0131tma Tesisi yap\u0131m\u0131n\u0131n y\u00fczde 44\u2019\u00fcn\u00fc tamamlad\u0131.<\/p>\n","protected":false},"author":1,"featured_media":2793,"comment_status":"open","ping_status":"open","sticky":false,"template":"","format":"standard","meta":{"footnotes":""},"categories":[534],"tags":[299,547,543,590],"class_list":["post-2791","post","type-post","status-publish","format-standard","has-post-thumbnail","hentry","category-siyaset","tag-akp","tag-bandirma","tag-buyuksehir","tag-yucelyilmaz"],"_links":{"self":[{"href":"https:\/\/balikesirobjektif.com\/index.php\/wp-json\/wp\/v2\/posts\/2791","targetHints":{"allow":["GET"]}}],"collection":[{"href":"https:\/\/balikesirobjektif.com\/index.php\/wp-json\/wp\/v2\/posts"}],"about":[{"href":"https:\/\/balikesirobjektif.com\/index.php\/wp-json\/wp\/v2\/types\/post"}],"author":[{"embeddable":true,"href":"https:\/\/balikesirobjektif.com\/index.php\/wp-json\/wp\/v2\/users\/1"}],"replies":[{"embeddable":true,"href":"https:\/\/balikesirobjektif.com\/index.php\/wp-json\/wp\/v2\/comments?post=2791"}],"version-history":[{"count":1,"href":"https:\/\/balikesirobjektif.com\/index.php\/wp-json\/wp\/v2\/posts\/2791\/revisions"}],"predecessor-version":[{"id":2795,"href":"https:\/\/balikesirobjektif.com\/index.php\/wp-json\/wp\/v2\/posts\/2791\/revisions\/2795"}],"wp:featuredmedia":[{"embeddable":true,"href":"https:\/\/balikesirobjektif.com\/index.php\/wp-json\/wp\/v2\/media\/2793"}],"wp:attachment":[{"href":"https:\/\/balikesirobjektif.com\/index.php\/wp-json\/wp\/v2\/media?parent=2791"}],"wp:term":[{"taxonomy":"category","embeddable":true,"href":"https:\/\/balikesirobjektif.com\/index.php\/wp-json\/wp\/v2\/categories?post=2791"},{"taxonomy":"post_tag","embeddable":true,"href":"https:\/\/balikesirobjektif.com\/index.php\/wp-json\/wp\/v2\/tags?post=2791"}],"curies":[{"name":"wp","href":"https:\/\/api.w.org\/{rel}","templated":true}]}}