{"id":2796,"date":"2024-03-14T11:31:06","date_gmt":"2024-03-14T08:31:06","guid":{"rendered":"https:\/\/balikesirobjektif.com\/?p=2796"},"modified":"2024-03-14T11:31:06","modified_gmt":"2024-03-14T08:31:06","slug":"sehre-nefes-aldiracak-meydan","status":"publish","type":"post","link":"https:\/\/balikesirobjektif.com\/index.php\/2024\/03\/14\/sehre-nefes-aldiracak-meydan\/","title":{"rendered":"\u015eehre nefes ald\u0131racak meydan"},"content":{"rendered":"<p>Bal\u0131kesir B\u00fcy\u00fck\u015fehir Belediye Ba\u015fkan\u0131 Y\u00fccel Y\u0131lmaz, gar \u00f6n\u00fc Cumhuriyet Meydan\u0131 projesi sayesinde \u015fehre; yer alt\u0131 otoparklar\u0131, Fabrika K\u00fclt\u00fcr Sanat Merkezi, Sofra Bal\u0131kesir\u2019i, sanat merkezi, Atat\u00fcrk ve Milli M\u00fccadele M\u00fczesi\u2019ni kazand\u0131racaklar\u0131n\u0131 s\u00f6yledi.<\/p>\n<p>\u201cS\u00f6z U\u00e7ar Eser Kal\u0131r Projeler Haz\u0131r\u201d diyerek 2024 &#8211; 2029 \u015eehir Y\u00f6netim Manifestosu\u2019nda hizmet hamlelerini a\u00e7\u0131klayan Bal\u0131kesir B\u00fcy\u00fck\u015fehir Belediye Ba\u015fkan\u0131 Y\u00fccel Y\u0131lmaz, Bal\u0131kesir\u2019in ana merkezi olarak nitelendirilen tren gar\u0131 \u00f6n\u00fc Cumhuriyet Meydan\u2019\u0131nda b\u00fcy\u00fck bir projeye imza ataklar\u0131n\u0131 a\u00e7\u0131klad\u0131. Bal\u0131kesir\u2019i, 50 y\u0131l\u0131k beklentisi olan Cumhuriyet Meydan\u0131\u2019na kavu\u015fturacaklar\u0131n\u0131 s\u00f6yleyen Ba\u015fkan Y\u0131lmaz \u201cBu inan\u0131lmaz bir proje. Karesi-Alt\u0131eyl\u00fcl belediyelerinin binas\u0131n\u0131n y\u0131k\u0131m\u0131na ba\u015fland\u0131. Alt\u0131n\u0131 otopark yap\u0131p \u00fcst\u00fcne \u2018Sofra Bal\u0131kesir\u2019 yap\u0131yoruz. Askeriyenin tescilsiz olan Gazinosu y\u0131k\u0131yoruz. Astsubay Orduevi Bal\u0131kesir Sanat Merkezi, Subay Orduevi de Atat\u00fcrk ve Milli M\u00fccadele M\u00fczesi oluyor. \u201d dedi.<\/p>\n<p><strong>LOJMAN VE ORDU EV\u0130 YAPIYORUZ<\/strong><br \/>\nAskerleri de asla ma\u011fdur durumda b\u0131rakmayaca\u011f\u0131n\u0131 vurgulayan Ba\u015fkan Y\u0131lmaz, \u201cOnlara 4 y\u0131ld\u0131zl\u0131 Onhann Hotel\u2019i verdik. 2.5 y\u0131lda da askeriyenin i\u00e7erisine hem lojman yapaca\u011f\u0131z hem de ordu evi yapaca\u011f\u0131z. \u00c7ok daha y\u00fcksek standartta olacak\u201d dedi.<\/p>\n<p><strong>FABR\u0130KA K\u00dcLT\u00dcR SANAT MERKEZ\u0130<\/strong><br \/>\nMuharrem Hasbi Un Fabrikas\u0131, Fabrika K\u00fclt\u00fcr Sanat Merkezi\u2019ne d\u00f6n\u00fc\u015ft\u00fcr\u00fcl\u00fcyor. Alan\u0131nda uzman k\u00fcrat\u00f6rlerin \u00f6nderli\u011finde kentin dokusuyla birle\u015fen sergi noktalar\u0131yla birlikte g\u00fcn\u00fcn ge\u00e7 saatlerine kadar ziyaret\u00e7ilerinin faydalanabilece\u011fi k\u00fclt\u00fcr sanat ortam\u0131 olu\u015fturulacak. Fabrika K\u00fclt\u00fcr Sanat Merkezi\u2019nde; at\u00f6lyeler, s\u00f6yle\u015fi alan\u0131, dinleti alan\u0131, konferans salonu, sergi salonu, a\u00e7\u0131k hava sinema alanlar\u0131 yer alacak.<\/p>\n<p><strong>BALIKES\u0130R SANAT GALER\u0130<\/strong><br \/>\nTarihi Tren Gar\u0131 binalar\u0131nda s\u00fcren restorasyon \u00e7al\u0131\u015fmalar\u0131n\u0131n tamamlanmas\u0131yla Bal\u0131kesir; yakla\u015f\u0131k 10 bin metrekare alan \u00fczerine kurulu \u00e7a\u011fda\u015f bir sanat merkezine sahip olacak. Alanda; sanat galerisi, sanat at\u00f6lyeleri, k\u00fct\u00fcphane yer alacak.<\/p>\n<p><img loading=\"lazy\" decoding=\"async\" class=\"alignnone size-medium wp-image-2801\" src=\"https:\/\/balikesirobjektif.com\/wp-content\/uploads\/2024\/03\/3-1-300x217.jpg\" alt=\"\" width=\"300\" height=\"217\" srcset=\"https:\/\/balikesirobjektif.com\/wp-content\/uploads\/2024\/03\/3-1-300x217.jpg 300w, https:\/\/balikesirobjektif.com\/wp-content\/uploads\/2024\/03\/3-1-1024x741.jpg 1024w, https:\/\/balikesirobjektif.com\/wp-content\/uploads\/2024\/03\/3-1-768x556.jpg 768w, https:\/\/balikesirobjektif.com\/wp-content\/uploads\/2024\/03\/3-1-1536x1111.jpg 1536w, https:\/\/balikesirobjektif.com\/wp-content\/uploads\/2024\/03\/3-1-2048x1482.jpg 2048w\" sizes=\"auto, (max-width: 300px) 100vw, 300px\" \/> <img loading=\"lazy\" decoding=\"async\" class=\"alignnone size-medium wp-image-2799\" src=\"https:\/\/balikesirobjektif.com\/wp-content\/uploads\/2024\/03\/5-300x223.jpg\" alt=\"\" width=\"300\" height=\"223\" srcset=\"https:\/\/balikesirobjektif.com\/wp-content\/uploads\/2024\/03\/5-300x223.jpg 300w, https:\/\/balikesirobjektif.com\/wp-content\/uploads\/2024\/03\/5-1024x761.jpg 1024w, https:\/\/balikesirobjektif.com\/wp-content\/uploads\/2024\/03\/5-768x571.jpg 768w, https:\/\/balikesirobjektif.com\/wp-content\/uploads\/2024\/03\/5-1536x1142.jpg 1536w, https:\/\/balikesirobjektif.com\/wp-content\/uploads\/2024\/03\/5-2048x1523.jpg 2048w\" sizes=\"auto, (max-width: 300px) 100vw, 300px\" \/> <img loading=\"lazy\" decoding=\"async\" class=\"alignnone size-medium wp-image-2798\" src=\"https:\/\/balikesirobjektif.com\/wp-content\/uploads\/2024\/03\/1-300x222.jpg\" alt=\"\" width=\"300\" height=\"222\" srcset=\"https:\/\/balikesirobjektif.com\/wp-content\/uploads\/2024\/03\/1-300x222.jpg 300w, https:\/\/balikesirobjektif.com\/wp-content\/uploads\/2024\/03\/1-1024x757.jpg 1024w, https:\/\/balikesirobjektif.com\/wp-content\/uploads\/2024\/03\/1-768x567.jpg 768w, https:\/\/balikesirobjektif.com\/wp-content\/uploads\/2024\/03\/1-1536x1135.jpg 1536w, https:\/\/balikesirobjektif.com\/wp-content\/uploads\/2024\/03\/1-2048x1513.jpg 2048w\" sizes=\"auto, (max-width: 300px) 100vw, 300px\" \/> <img loading=\"lazy\" decoding=\"async\" class=\"alignnone size-medium wp-image-2797\" src=\"https:\/\/balikesirobjektif.com\/wp-content\/uploads\/2024\/03\/2-300x221.jpg\" alt=\"\" width=\"300\" height=\"221\" srcset=\"https:\/\/balikesirobjektif.com\/wp-content\/uploads\/2024\/03\/2-300x221.jpg 300w, https:\/\/balikesirobjektif.com\/wp-content\/uploads\/2024\/03\/2-1024x755.jpg 1024w, https:\/\/balikesirobjektif.com\/wp-content\/uploads\/2024\/03\/2-768x567.jpg 768w, https:\/\/balikesirobjektif.com\/wp-content\/uploads\/2024\/03\/2-1536x1133.jpg 1536w, https:\/\/balikesirobjektif.com\/wp-content\/uploads\/2024\/03\/2-2048x1511.jpg 2048w\" sizes=\"auto, (max-width: 300px) 100vw, 300px\" \/><\/p>\n","protected":false},"excerpt":{"rendered":"<p>Bal\u0131kesir B\u00fcy\u00fck\u015fehir Belediye Ba\u015fkan\u0131 Y\u00fccel Y\u0131lmaz, gar \u00f6n\u00fc Cumhuriyet Meydan\u0131 projesi sayesinde \u015fehre; yer alt\u0131 otoparklar\u0131, Fabrika K\u00fclt\u00fcr Sanat Merkezi, Sofra Bal\u0131kesir\u2019i, sanat merkezi, Atat\u00fcrk ve Milli M\u00fccadele M\u00fczesi\u2019ni kazand\u0131racaklar\u0131n\u0131 s\u00f6yledi.<\/p>\n","protected":false},"author":1,"featured_media":2800,"comment_status":"open","ping_status":"open","sticky":false,"template":"","format":"standard","meta":{"footnotes":""},"categories":[561],"tags":[531,543,590],"class_list":["post-2796","post","type-post","status-publish","format-standard","has-post-thumbnail","hentry","category-cevre","tag-balikesir","tag-buyuksehir","tag-yucelyilmaz"],"_links":{"self":[{"href":"https:\/\/balikesirobjektif.com\/index.php\/wp-json\/wp\/v2\/posts\/2796","targetHints":{"allow":["GET"]}}],"collection":[{"href":"https:\/\/balikesirobjektif.com\/index.php\/wp-json\/wp\/v2\/posts"}],"about":[{"href":"https:\/\/balikesirobjektif.com\/index.php\/wp-json\/wp\/v2\/types\/post"}],"author":[{"embeddable":true,"href":"https:\/\/balikesirobjektif.com\/index.php\/wp-json\/wp\/v2\/users\/1"}],"replies":[{"embeddable":true,"href":"https:\/\/balikesirobjektif.com\/index.php\/wp-json\/wp\/v2\/comments?post=2796"}],"version-history":[{"count":1,"href":"https:\/\/balikesirobjektif.com\/index.php\/wp-json\/wp\/v2\/posts\/2796\/revisions"}],"predecessor-version":[{"id":2802,"href":"https:\/\/balikesirobjektif.com\/index.php\/wp-json\/wp\/v2\/posts\/2796\/revisions\/2802"}],"wp:featuredmedia":[{"embeddable":true,"href":"https:\/\/balikesirobjektif.com\/index.php\/wp-json\/wp\/v2\/media\/2800"}],"wp:attachment":[{"href":"https:\/\/balikesirobjektif.com\/index.php\/wp-json\/wp\/v2\/media?parent=2796"}],"wp:term":[{"taxonomy":"category","embeddable":true,"href":"https:\/\/balikesirobjektif.com\/index.php\/wp-json\/wp\/v2\/categories?post=2796"},{"taxonomy":"post_tag","embeddable":true,"href":"https:\/\/balikesirobjektif.com\/index.php\/wp-json\/wp\/v2\/tags?post=2796"}],"curies":[{"name":"wp","href":"https:\/\/api.w.org\/{rel}","templated":true}]}}