{"id":2803,"date":"2024-03-14T11:33:25","date_gmt":"2024-03-14T08:33:25","guid":{"rendered":"https:\/\/balikesirobjektif.com\/?p=2803"},"modified":"2024-03-14T11:33:25","modified_gmt":"2024-03-14T08:33:25","slug":"herkesin-baskani-hasan-avci","status":"publish","type":"post","link":"https:\/\/balikesirobjektif.com\/index.php\/2024\/03\/14\/herkesin-baskani-hasan-avci\/","title":{"rendered":"HERKES\u0130N BA\u015eKANI HASAN AVCI"},"content":{"rendered":"<p>Her gitti\u011fi yerde sevgi g\u00f6sterileriyle kar\u015f\u0131lanan ve Alt\u0131eyl\u00fcl&amp;#39;\u00fcn \u00e7ehresini de\u011fi\u015ftiren Hasan Avc\u0131&amp;#39;ya<br \/>\ndestek g\u00fcn ge\u00e7tik\u00e7e art\u0131yor.<br \/>\nG\u00fcnd\u00fczleri Sivil Toplum \u00d6rg\u00fctlerine ve Odalara ziyarette bulunan Ba\u011f\u0131ms\u0131z Alt\u0131eyl\u00fcl Belediye Ba\u015fkan<br \/>\naday\u0131 Hasan Avc\u0131, s\u0131ras\u0131yla Marangozlar Esnaf Odas\u0131 Ba\u015fkan\u0131 Ersin S\u00f6zdemir\u2019e ve Marangozlar<br \/>\nSitesi\u2019nde bulunan esnaflar\u0131 ziyaret etti. Ak\u015fam da Gaziosmanpa\u015fa Camii\u2019nde teravih namaz\u0131 sonras\u0131<br \/>\ncemaatle bir araya gelen Avc\u0131, Ba\u011f\u0131ms\u0131z olarak \u00e7\u0131km\u0131\u015f oldu\u011fu Belediye se\u00e7imleri i\u00e7in mahalle<br \/>\nsakinlerinden destek istedi.<br \/>\nBA\u011eIMSIZ ALTIYEL\u00dcL BELED\u0130YE BA\u015eKAN ADAYI HASAN AVCI: \u201cDESTEKLER\u0130N\u0130Z\u0130 BEKL\u0130YORUM\u201d<br \/>\nGaziosmanpa\u015fa Mahalle sakinleriyle bir araya gelen Alt\u0131eyl\u00fcl Belediye Ba\u015fkan\u0131 ve Ba\u011f\u0131ms\u0131z Alt\u0131eyl\u00fcl<br \/>\nBelediye Ba\u015fkan Aday\u0131 Hasan Avc\u0131, \u201cRamazan ay\u0131n\u0131n ilk g\u00fcn\u00fcnde sizlerle birlikte olman\u0131n mutlulu\u011funu<br \/>\nya\u015f\u0131yoruz. \u0130n\u015fallah rabbim bizleri Ramazan Bayram\u0131na kavu\u015ftursun. Ama \u00f6ncesinde sizlerin deste\u011fiyle<br \/>\nilk bayram\u0131 31 Mart tarihinde Alt\u0131eyl\u00fcl\u2019de hep birlikte kar\u015f\u0131layaca\u011f\u0131z\u201d dedi.<br \/>\n10 NUMARALI BA\u015eKANA 10 NUMARALI FORMA<br \/>\nBal\u0131kesir Gaziosmanpa\u015fa G\u00fcvercin Sevenler Derne\u011fi Lokali\u2019ne de ziyarette bulunan Ba\u011f\u0131ms\u0131z Alt\u0131eyl\u00fcl<br \/>\nBelediye Ba\u015fkan Aday\u0131 Hasan Avc\u0131, dernek \u00fcyelerinden destek istedi. Avc\u0131, sonras\u0131nda Gaziosmanpa\u015fa<br \/>\nGen\u00e7lik ve Spor Kul\u00fcb\u00fcne de ziyaret etti. Ziyarette kul\u00fcp \u00fcyeleri Ba\u011f\u0131ms\u0131z Alt\u0131eyl\u00fcl Belediye Ba\u015fkan<br \/>\nAday\u0131 Hasan Avc\u0131\u2019ya ismine \u00f6zel Gaziosmanpa\u015faspor\u2019un 10 numaral\u0131 formas\u0131 hediye edildi.<br \/>\nBA\u011eIMSIZ ALTIYEL\u00dcL BELED\u0130YE BA\u015eKAN ADAYI HASAN AVCI: \u201cBA\u011eIMSIZIZ AMA YALNIZ DE\u011e\u0130L\u0130Z\u201d<br \/>\nGaziosmanpa\u015fa Mahallesi\u2019nde bulunan kahvelerde de vatanda\u015flarla bir araya gelen Ba\u011f\u0131ms\u0131z Alt\u0131eyl\u00fcl<br \/>\nBelediye Ba\u015fkan Aday\u0131 Hasan Avc\u0131, \u201cBizlere g\u00f6stermi\u015f oldu\u011funuz deste\u011finiz bizleri mutlu ediyor.<br \/>\nBa\u011f\u0131ms\u0131z olarak \u00e7\u0131km\u0131\u015f oldu\u011fumuz bu yolda bizlere deste\u011finizi esirgemeyin. Sizin deste\u011finizle,<br \/>\nmilletimizin deste\u011fiyle ba\u011f\u0131ms\u0131z olarak \u00e7\u0131km\u0131\u015f oldu\u011fumuz bu yolda parolam\u0131z \u2018BA\u011eIMSIZIZ AMA<br \/>\nYALNIZ DE\u011e\u0130L\u0130Z\u2019 sizlerden destek bekliyorum. 31 Mart yerel se\u00e7imlerinde Alt\u0131eyl\u00fcl\u2019de ba\u011f\u0131ms\u0131z aday<br \/>\nolarak \u00e7\u0131km\u0131\u015f oldu\u011fumuz bu yolda sizlerin oylar\u0131n\u0131 alarak Alt\u0131eyl\u00fcl\u2019e yeniden hizmetlerimizi ve<br \/>\nprojelerimizi kazand\u0131rmak i\u00e7in \u00e7al\u0131\u015faca\u011f\u0131z\u201d diye konu\u015ftu.<\/p>\n<p><img loading=\"lazy\" decoding=\"async\" class=\"alignnone size-medium wp-image-2805\" src=\"https:\/\/balikesirobjektif.com\/wp-content\/uploads\/2024\/03\/WhatsApp-Image-2024-03-12-at-13.09.34-1-300x200.jpeg\" alt=\"\" width=\"300\" height=\"200\" srcset=\"https:\/\/balikesirobjektif.com\/wp-content\/uploads\/2024\/03\/WhatsApp-Image-2024-03-12-at-13.09.34-1-300x200.jpeg 300w, https:\/\/balikesirobjektif.com\/wp-content\/uploads\/2024\/03\/WhatsApp-Image-2024-03-12-at-13.09.34-1-1024x683.jpeg 1024w, https:\/\/balikesirobjektif.com\/wp-content\/uploads\/2024\/03\/WhatsApp-Image-2024-03-12-at-13.09.34-1-768x512.jpeg 768w, https:\/\/balikesirobjektif.com\/wp-content\/uploads\/2024\/03\/WhatsApp-Image-2024-03-12-at-13.09.34-1-1536x1024.jpeg 1536w, https:\/\/balikesirobjektif.com\/wp-content\/uploads\/2024\/03\/WhatsApp-Image-2024-03-12-at-13.09.34-1.jpeg 1600w\" sizes=\"auto, (max-width: 300px) 100vw, 300px\" \/> <img loading=\"lazy\" decoding=\"async\" class=\"alignnone size-medium wp-image-2804\" src=\"https:\/\/balikesirobjektif.com\/wp-content\/uploads\/2024\/03\/WhatsApp-Image-2024-03-12-at-13.09.33-300x155.jpeg\" alt=\"\" width=\"300\" height=\"155\" srcset=\"https:\/\/balikesirobjektif.com\/wp-content\/uploads\/2024\/03\/WhatsApp-Image-2024-03-12-at-13.09.33-300x155.jpeg 300w, https:\/\/balikesirobjektif.com\/wp-content\/uploads\/2024\/03\/WhatsApp-Image-2024-03-12-at-13.09.33-1024x530.jpeg 1024w, https:\/\/balikesirobjektif.com\/wp-content\/uploads\/2024\/03\/WhatsApp-Image-2024-03-12-at-13.09.33-768x397.jpeg 768w, https:\/\/balikesirobjektif.com\/wp-content\/uploads\/2024\/03\/WhatsApp-Image-2024-03-12-at-13.09.33.jpeg 1417w\" sizes=\"auto, (max-width: 300px) 100vw, 300px\" \/><\/p>\n","protected":false},"excerpt":{"rendered":"<p>Her gitti\u011fi yerde sevgi g\u00f6sterileriyle kar\u015f\u0131lanan ve Alt\u0131eyl\u00fcl&#39;\u00fcn \u00e7ehresini de\u011fi\u015ftiren Hasan Avc\u0131&#39;ya<br \/>\ndestek g\u00fcn ge\u00e7tik\u00e7e art\u0131yor.<\/p>\n","protected":false},"author":1,"featured_media":2806,"comment_status":"open","ping_status":"open","sticky":false,"template":"","format":"standard","meta":{"footnotes":""},"categories":[534],"tags":[631,531,744,656],"class_list":["post-2803","post","type-post","status-publish","format-standard","has-post-thumbnail","hentry","category-siyaset","tag-altieylul","tag-balikesir","tag-hasanavci","tag-secim"],"_links":{"self":[{"href":"https:\/\/balikesirobjektif.com\/index.php\/wp-json\/wp\/v2\/posts\/2803","targetHints":{"allow":["GET"]}}],"collection":[{"href":"https:\/\/balikesirobjektif.com\/index.php\/wp-json\/wp\/v2\/posts"}],"about":[{"href":"https:\/\/balikesirobjektif.com\/index.php\/wp-json\/wp\/v2\/types\/post"}],"author":[{"embeddable":true,"href":"https:\/\/balikesirobjektif.com\/index.php\/wp-json\/wp\/v2\/users\/1"}],"replies":[{"embeddable":true,"href":"https:\/\/balikesirobjektif.com\/index.php\/wp-json\/wp\/v2\/comments?post=2803"}],"version-history":[{"count":1,"href":"https:\/\/balikesirobjektif.com\/index.php\/wp-json\/wp\/v2\/posts\/2803\/revisions"}],"predecessor-version":[{"id":2807,"href":"https:\/\/balikesirobjektif.com\/index.php\/wp-json\/wp\/v2\/posts\/2803\/revisions\/2807"}],"wp:featuredmedia":[{"embeddable":true,"href":"https:\/\/balikesirobjektif.com\/index.php\/wp-json\/wp\/v2\/media\/2806"}],"wp:attachment":[{"href":"https:\/\/balikesirobjektif.com\/index.php\/wp-json\/wp\/v2\/media?parent=2803"}],"wp:term":[{"taxonomy":"category","embeddable":true,"href":"https:\/\/balikesirobjektif.com\/index.php\/wp-json\/wp\/v2\/categories?post=2803"},{"taxonomy":"post_tag","embeddable":true,"href":"https:\/\/balikesirobjektif.com\/index.php\/wp-json\/wp\/v2\/tags?post=2803"}],"curies":[{"name":"wp","href":"https:\/\/api.w.org\/{rel}","templated":true}]}}