{"id":3290,"date":"2024-09-27T11:16:48","date_gmt":"2024-09-27T08:16:48","guid":{"rendered":"https:\/\/balikesirobjektif.com\/?p=3290"},"modified":"2024-09-27T11:16:48","modified_gmt":"2024-09-27T08:16:48","slug":"altieylul-belediyesinden-kendi-isini-kuracaklara-mujde","status":"publish","type":"post","link":"https:\/\/balikesirobjektif.com\/index.php\/2024\/09\/27\/altieylul-belediyesinden-kendi-isini-kuracaklara-mujde\/","title":{"rendered":"Alt\u0131eyl\u00fcl Belediyesi&#8217;nden kendi i\u015fini kuracaklara m\u00fcjde"},"content":{"rendered":"<p>Alt\u0131eyl\u00fcl Belediyesi, ekonomik kalk\u0131nmay\u0131 desteklemek ad\u0131na hayata ge\u00e7irdi\u011fi Mikrofinans \u015eubesi ile b\u00fcy\u00fck bir ad\u0131m att\u0131. Teminat ve kefalet gerektirmeyen mikrokredi se\u00e7enekleriyle, dar gelirli bireylerin kendi i\u015flerini kurmas\u0131na sa\u011flayan bu hizmet, \u00f6zellikle kad\u0131n giri\u015fimcilerin ekonomik hayata kat\u0131l\u0131m\u0131n\u0131 te\u015fvik ediyor.<\/p>\n<p>E-Ticaretle gelir art\u0131\u015f\u0131 sa\u011flan\u0131yor<br \/>\nMikrogiri\u015fimciler, Alt\u0131eyl\u00fcl Belediyesi Mikrofinans \u015eubesi arac\u0131l\u0131\u011f\u0131yla T\u00fcrkiye&#8217;nin \u00f6nde gelen e-ticaret platformlar\u0131nda \u00fcr\u00fcnlerini pazarlama f\u0131rsat\u0131 buluyor. \u00dcr\u00fcnlerin kataloglanmas\u0131 ve kullan\u0131c\u0131ya ula\u015f\u0131m\u0131 gibi s\u00fcre\u00e7ler, \u015fube taraf\u0131ndan y\u00f6netilerek giri\u015fimcilerin i\u015f y\u00fck\u00fc hafifletiliyor. Bu sayede, \u00fcretici ile t\u00fcketici aras\u0131ndaki mesafe k\u0131salt\u0131larak gelir art\u0131rma potansiyeli y\u00fckseltiliyor.<br \/>\nMikrokredi alan giri\u015fimciler; Mini Sigorta ferdi kaza sigortas\u0131 ve Mini Konut Sigortas\u0131 gibi d\u00fc\u015f\u00fck primli sigorta se\u00e7eneklerinden yararlanabiliyor. Bu sigortalar, kaza, do\u011fal afetler gibi durumlara kar\u015f\u0131 giri\u015fimcilerin i\u015flerini g\u00fcvence alt\u0131na alarak s\u00fcrd\u00fcrebilmelerine yard\u0131mc\u0131 oluyor.<\/p>\n<p>Tasarruf bilincini art\u0131rma ama\u00e7l\u0131 f\u0131rsatlar<br \/>\nAlt\u0131eyl\u00fcl Belediyesi, Kara G\u00fcn Kumbara Fonu Hesab\u0131 ile tasarruf bilincini art\u0131rmay\u0131 hedefliyor. Haftada en az 1 TL tasarruf etmeye te\u015fvik edilen aileler, acil durumlar i\u00e7in birikim olu\u015fturma f\u0131rsat\u0131na sahip oluyor. Birikimler, ihtiya\u00e7 duyuldu\u011funda kesintisiz geri al\u0131nabiliyor.<\/p>\n<p>Kad\u0131n istihdam\u0131na \u00f6zel vurgu<br \/>\nKad\u0131nlar\u0131n i\u015fg\u00fcc\u00fc i\u00e7indeki rol\u00fc g\u00f6z \u00f6n\u00fcnde bulunduruldu\u011funda, T\u00fcrkiye&#8217;de kad\u0131n istihdam\u0131n\u0131 art\u0131rmak kritik bir \u00f6nem ta\u015f\u0131yor. Alt\u0131eyl\u00fcl Belediyesi, 2015&#8217;ten beri Alt\u0131eyl\u00fcl Geli\u015fim Merkezi arac\u0131l\u0131\u011f\u0131yla d\u00fczenledi\u011fi meslek edindirme kurslar\u0131 ile 5 bin 700 kad\u0131na sertifika kazand\u0131rd\u0131. Bu kurslar, kad\u0131nlar\u0131n ekonomik hayata kat\u0131l\u0131m\u0131n\u0131 destekliyor.<\/p>\n<p>Sosyal destek projeleriyle toplumsal kalk\u0131nma<br \/>\nMikrokredi projesi, bireysel giri\u015fimcili\u011fin yan\u0131 s\u0131ra toplumsal kalk\u0131nmay\u0131 da hedefliyor. Kamu kurumlar\u0131 ve sivil toplum kurulu\u015flar\u0131 ile i\u015fbirli\u011fi i\u00e7inde geli\u015ftirilen sosyal yard\u0131mla\u015fma projeleri, ihtiya\u00e7 sahibi ailelere y\u00f6nelik \u00e7e\u015fitli hizmetleri kapsamaktad\u0131r.<\/p>\n<p>E\u011fitim ve bilin\u00e7lendirme s\u00fcreci<br \/>\nMikrokredi almak isteyen kad\u0131nlar, 5 ki\u015filik gruplar olu\u015fturarak ba\u015fvuruda bulunabiliyor. Bu gruplara verilen 3 g\u00fcnl\u00fck e\u011fitimlerin ard\u0131ndan uygun bulunan giri\u015fimcilere ba\u015flang\u0131\u00e7 sermayesi niteli\u011finde krediler sa\u011flan\u0131yor. B\u00f6ylece, giri\u015fimcilerin i\u015f yapma becerileri art\u0131r\u0131larak ekonomik kalk\u0131nma s\u00fcrecine katk\u0131 sa\u011flan\u0131yor.<\/p>\n<p>Ba\u015fkan Hakan \u015eehirli: \u201cToplumsal kalk\u0131nmaya g\u00fc\u00e7l\u00fc bir katk\u0131 sunuyoruz\u201d<br \/>\n\u201cKendi \u0130\u015fini Kurmak \u0130steyenler \u0130\u00e7in Halk\u0131m\u0131za Yeni F\u0131rsatlar Sunuyoruz\u201d diyen Ba\u015fkan Hakan \u015eehirli, Mikrofinans \u015eubesi ile ama\u00e7lar\u0131n\u0131 \u015f\u00f6yle a\u00e7\u0131klad\u0131: \u201cAlt\u0131eyl\u00fcl Belediyesi&#8217;nin bu projeleri, sadece kom\u015fular\u0131m\u0131z\u0131n ekonomik durumunu iyile\u015ftirmekle kalmay\u0131p, ayn\u0131 zamanda toplumsal kalk\u0131nmaya \u00f6nemli katk\u0131lar sa\u011fl\u0131yor. Bu kapsaml\u0131 \u00e7abalar, il\u00e7emizdeki vatanda\u015flar\u0131m\u0131z\u0131n daha g\u00fc\u00e7l\u00fc bir ekonomik gelece\u011fe ad\u0131m atmalar\u0131n\u0131 sa\u011flamak amac\u0131yla s\u00fcrd\u00fcr\u00fcl\u00fcyor.\u201d<\/p>\n<p>2024 y\u0131l\u0131nda ger\u00e7ekle\u015ftirilen ve devam eden destekler<br \/>\nAlt\u0131eyl\u00fcl Belediyesi, 2024 Ocak ay\u0131ndan bu yana bir\u00e7ok \u00f6nemli destek program\u0131 hayata ge\u00e7irdi:<br \/>\nHalk Kart Uygulamas\u0131: 25 markette ge\u00e7erli olan bu hizmet, ihtiya\u00e7 sahiplerine g\u0131da al\u0131m\u0131nda kolayl\u0131k sa\u011fl\u0131yor.<br \/>\nMaddi Destek: 65 ya\u015f \u00fcst\u00fc geliri olmayan vatanda\u015flara 12 ay, di\u011fer vatanda\u015flara ise 6 ay s\u00fcreyle maddi destek veriliyor.<br \/>\nK\u00f6m\u00fcr Yard\u0131m\u0131: 439 aileye toplam 219,5 ton k\u00f6m\u00fcr yard\u0131m\u0131 yap\u0131ld\u0131.<br \/>\nG\u0131da Yard\u0131mlar\u0131: Ramazan ay\u0131nda 30 g\u00fcn boyunca 306 aileye her g\u00fcn 15 bin 716 \u00f6\u011f\u00fcn yemek verildi.<br \/>\nGiyim Deste\u011fi: bin 489 aileye giyim ma\u011fazas\u0131ndan destek sa\u011fland\u0131.<br \/>\nAciliyet Deste\u011fi: Hastal\u0131k veya do\u011fal afetten etkilenenlere nakit deste\u011fi sunuluyor.<br \/>\nKonaklama Deste\u011fi: Alt\u0131eyl\u00fcl s\u0131n\u0131rlar\u0131 i\u00e7indeki konaklama imkan\u0131 olmayan kom\u015fulara destek sa\u011fland\u0131.<\/p>\n<p><img loading=\"lazy\" decoding=\"async\" class=\"size-medium wp-image-3297\" src=\"https:\/\/balikesirobjektif.com\/wp-content\/uploads\/2024\/09\/AW295702_07-300x200.jpg\" alt=\"\" width=\"300\" height=\"200\" srcset=\"https:\/\/balikesirobjektif.com\/wp-content\/uploads\/2024\/09\/AW295702_07-300x200.jpg 300w, https:\/\/balikesirobjektif.com\/wp-content\/uploads\/2024\/09\/AW295702_07-1024x682.jpg 1024w, https:\/\/balikesirobjektif.com\/wp-content\/uploads\/2024\/09\/AW295702_07-768x512.jpg 768w, https:\/\/balikesirobjektif.com\/wp-content\/uploads\/2024\/09\/AW295702_07-1536x1023.jpg 1536w, https:\/\/balikesirobjektif.com\/wp-content\/uploads\/2024\/09\/AW295702_07.jpg 1600w\" sizes=\"auto, (max-width: 300px) 100vw, 300px\" \/><\/p>\n<p><img loading=\"lazy\" decoding=\"async\" class=\"size-medium wp-image-3296\" src=\"https:\/\/balikesirobjektif.com\/wp-content\/uploads\/2024\/09\/AW295702_06-300x249.jpg\" alt=\"\" width=\"300\" height=\"249\" srcset=\"https:\/\/balikesirobjektif.com\/wp-content\/uploads\/2024\/09\/AW295702_06-300x249.jpg 300w, https:\/\/balikesirobjektif.com\/wp-content\/uploads\/2024\/09\/AW295702_06-1024x850.jpg 1024w, https:\/\/balikesirobjektif.com\/wp-content\/uploads\/2024\/09\/AW295702_06-768x637.jpg 768w, https:\/\/balikesirobjektif.com\/wp-content\/uploads\/2024\/09\/AW295702_06-1536x1275.jpg 1536w, https:\/\/balikesirobjektif.com\/wp-content\/uploads\/2024\/09\/AW295702_06.jpg 1600w\" sizes=\"auto, (max-width: 300px) 100vw, 300px\" \/><\/p>\n<p><img loading=\"lazy\" decoding=\"async\" class=\"size-medium wp-image-3295\" src=\"https:\/\/balikesirobjektif.com\/wp-content\/uploads\/2024\/09\/AW295702_05-300x200.jpg\" alt=\"\" width=\"300\" height=\"200\" srcset=\"https:\/\/balikesirobjektif.com\/wp-content\/uploads\/2024\/09\/AW295702_05-300x200.jpg 300w, https:\/\/balikesirobjektif.com\/wp-content\/uploads\/2024\/09\/AW295702_05-1024x682.jpg 1024w, https:\/\/balikesirobjektif.com\/wp-content\/uploads\/2024\/09\/AW295702_05-768x512.jpg 768w, https:\/\/balikesirobjektif.com\/wp-content\/uploads\/2024\/09\/AW295702_05-1536x1023.jpg 1536w, https:\/\/balikesirobjektif.com\/wp-content\/uploads\/2024\/09\/AW295702_05.jpg 1600w\" sizes=\"auto, (max-width: 300px) 100vw, 300px\" \/><\/p>\n<p><img loading=\"lazy\" decoding=\"async\" class=\"size-medium wp-image-3294\" src=\"https:\/\/balikesirobjektif.com\/wp-content\/uploads\/2024\/09\/AW295702_03-300x200.jpg\" alt=\"\" width=\"300\" height=\"200\" srcset=\"https:\/\/balikesirobjektif.com\/wp-content\/uploads\/2024\/09\/AW295702_03-300x200.jpg 300w, https:\/\/balikesirobjektif.com\/wp-content\/uploads\/2024\/09\/AW295702_03-1024x682.jpg 1024w, https:\/\/balikesirobjektif.com\/wp-content\/uploads\/2024\/09\/AW295702_03-768x512.jpg 768w, https:\/\/balikesirobjektif.com\/wp-content\/uploads\/2024\/09\/AW295702_03-1536x1023.jpg 1536w, https:\/\/balikesirobjektif.com\/wp-content\/uploads\/2024\/09\/AW295702_03.jpg 1600w\" sizes=\"auto, (max-width: 300px) 100vw, 300px\" \/><\/p>\n<p><img loading=\"lazy\" decoding=\"async\" class=\"size-medium wp-image-3292\" src=\"https:\/\/balikesirobjektif.com\/wp-content\/uploads\/2024\/09\/AW295702_02-300x200.jpg\" alt=\"\" width=\"300\" height=\"200\" srcset=\"https:\/\/balikesirobjektif.com\/wp-content\/uploads\/2024\/09\/AW295702_02-300x200.jpg 300w, https:\/\/balikesirobjektif.com\/wp-content\/uploads\/2024\/09\/AW295702_02-1024x683.jpg 1024w, https:\/\/balikesirobjektif.com\/wp-content\/uploads\/2024\/09\/AW295702_02-768x512.jpg 768w, https:\/\/balikesirobjektif.com\/wp-content\/uploads\/2024\/09\/AW295702_02-1536x1024.jpg 1536w, https:\/\/balikesirobjektif.com\/wp-content\/uploads\/2024\/09\/AW295702_02.jpg 1600w\" sizes=\"auto, (max-width: 300px) 100vw, 300px\" \/><\/p>\n<p><img loading=\"lazy\" decoding=\"async\" class=\"size-medium wp-image-3291\" src=\"https:\/\/balikesirobjektif.com\/wp-content\/uploads\/2024\/09\/AW295702_01-300x169.jpg\" alt=\"\" width=\"300\" height=\"169\" srcset=\"https:\/\/balikesirobjektif.com\/wp-content\/uploads\/2024\/09\/AW295702_01-300x169.jpg 300w, https:\/\/balikesirobjektif.com\/wp-content\/uploads\/2024\/09\/AW295702_01-1024x576.jpg 1024w, https:\/\/balikesirobjektif.com\/wp-content\/uploads\/2024\/09\/AW295702_01-768x432.jpg 768w, https:\/\/balikesirobjektif.com\/wp-content\/uploads\/2024\/09\/AW295702_01-1536x864.jpg 1536w, https:\/\/balikesirobjektif.com\/wp-content\/uploads\/2024\/09\/AW295702_01.jpg 1600w\" sizes=\"auto, (max-width: 300px) 100vw, 300px\" \/><\/p>\n<p><img loading=\"lazy\" decoding=\"async\" class=\"alignnone size-medium wp-image-3287\" src=\"https:\/\/balikesirobjektif.com\/wp-content\/uploads\/2024\/09\/10-1-300x169.png\" alt=\"\" width=\"300\" height=\"169\" srcset=\"https:\/\/balikesirobjektif.com\/wp-content\/uploads\/2024\/09\/10-1-300x169.png 300w, https:\/\/balikesirobjektif.com\/wp-content\/uploads\/2024\/09\/10-1-1024x576.png 1024w, https:\/\/balikesirobjektif.com\/wp-content\/uploads\/2024\/09\/10-1-768x432.png 768w, https:\/\/balikesirobjektif.com\/wp-content\/uploads\/2024\/09\/10-1-1536x864.png 1536w, https:\/\/balikesirobjektif.com\/wp-content\/uploads\/2024\/09\/10-1.png 1920w\" sizes=\"auto, (max-width: 300px) 100vw, 300px\" \/><\/p>\n","protected":false},"excerpt":{"rendered":"<p>Ba\u015fkan \u015eehirli: \u201cKendi i\u015fini kurmak isteyenler i\u00e7in halk\u0131m\u0131za yeni f\u0131rsatlar sunmaya devam ediyoruz\u201d<\/p>\n","protected":false},"author":1,"featured_media":3293,"comment_status":"open","ping_status":"open","sticky":false,"template":"","format":"standard","meta":{"footnotes":""},"categories":[7,529],"tags":[631,531,984,985,592],"class_list":["post-3290","post","type-post","status-publish","format-standard","has-post-thumbnail","hentry","category-ekonomi","category-ilceler","tag-altieylul","tag-balikesir","tag-hakan-sehirli","tag-is","tag-yardim"],"_links":{"self":[{"href":"https:\/\/balikesirobjektif.com\/index.php\/wp-json\/wp\/v2\/posts\/3290","targetHints":{"allow":["GET"]}}],"collection":[{"href":"https:\/\/balikesirobjektif.com\/index.php\/wp-json\/wp\/v2\/posts"}],"about":[{"href":"https:\/\/balikesirobjektif.com\/index.php\/wp-json\/wp\/v2\/types\/post"}],"author":[{"embeddable":true,"href":"https:\/\/balikesirobjektif.com\/index.php\/wp-json\/wp\/v2\/users\/1"}],"replies":[{"embeddable":true,"href":"https:\/\/balikesirobjektif.com\/index.php\/wp-json\/wp\/v2\/comments?post=3290"}],"version-history":[{"count":1,"href":"https:\/\/balikesirobjektif.com\/index.php\/wp-json\/wp\/v2\/posts\/3290\/revisions"}],"predecessor-version":[{"id":3298,"href":"https:\/\/balikesirobjektif.com\/index.php\/wp-json\/wp\/v2\/posts\/3290\/revisions\/3298"}],"wp:featuredmedia":[{"embeddable":true,"href":"https:\/\/balikesirobjektif.com\/index.php\/wp-json\/wp\/v2\/media\/3293"}],"wp:attachment":[{"href":"https:\/\/balikesirobjektif.com\/index.php\/wp-json\/wp\/v2\/media?parent=3290"}],"wp:term":[{"taxonomy":"category","embeddable":true,"href":"https:\/\/balikesirobjektif.com\/index.php\/wp-json\/wp\/v2\/categories?post=3290"},{"taxonomy":"post_tag","embeddable":true,"href":"https:\/\/balikesirobjektif.com\/index.php\/wp-json\/wp\/v2\/tags?post=3290"}],"curies":[{"name":"wp","href":"https:\/\/api.w.org\/{rel}","templated":true}]}}