{"id":3391,"date":"2024-10-11T11:36:55","date_gmt":"2024-10-11T08:36:55","guid":{"rendered":"https:\/\/balikesirobjektif.com\/?p=3391"},"modified":"2024-10-11T11:36:55","modified_gmt":"2024-10-11T08:36:55","slug":"baskan-ahmet-akindan-festival-mujdesi","status":"publish","type":"post","link":"https:\/\/balikesirobjektif.com\/index.php\/2024\/10\/11\/baskan-ahmet-akindan-festival-mujdesi\/","title":{"rendered":"Ba\u015fkan Ahmet Ak\u0131n\u2019dan festival m\u00fcjdesi"},"content":{"rendered":"<p>Bal\u0131kesir B\u00fcy\u00fck\u015fehir Belediye Ba\u015fkan\u0131 Ahmet Ak\u0131n, \u00f6n\u00fcm\u00fczdeki y\u0131ldan itibaren 10.10 D\u00fcnya Bal\u0131kesirliler G\u00fcn\u00fc\u2019n\u00fcn \u00fc\u00e7 g\u00fcn s\u00fcrecek festivalle kutlanaca\u011f\u0131n\u0131n m\u00fcjdesini verdi.<br \/>\nBal\u0131kesir B\u00fcy\u00fck\u015fehir Belediye Ba\u015fkan\u0131 Ahmet Ak\u0131n, 10.10 D\u00fcnya Bal\u0131kesir G\u00fcn\u00fc vesilesiyle d\u00fczenlenen kortej y\u00fcr\u00fcy\u00fc\u015f\u00fcne kat\u0131ld\u0131. Bal\u0131kesir&#8217;de her y\u0131l ekim ay\u0131n\u0131n 10&#8217;unda kutlanan D\u00fcnya Bal\u0131kesirliler G\u00fcn\u00fc dolay\u0131s\u0131yla kortej y\u00fcr\u00fcy\u00fc\u015f\u00fc d\u00fczenlendi. Bal\u0131kesir B\u00fcy\u00fck\u015fehir Belediyesi \u00f6n\u00fcnden ba\u015flayan kortej y\u00fcr\u00fcy\u00fc\u015f\u00fc, Za\u011fnos Pa\u015fa Camisi Meydan\u0131\u2019nda sona erdi. Kortejde 7\u2019den 70\u2019e t\u00fcm Bal\u0131kesirliler ile omuz omuza y\u00fcr\u00fcyen Bal\u0131kesir B\u00fcy\u00fck\u015fehir Belediye Ba\u015fkan\u0131 Ahmet Ak\u0131n, t\u00fcm hem\u015fehrilerinin Bal\u0131kesirliler G\u00fcn\u00fc\u2019n\u00fc kutlad\u0131. Y\u00fcr\u00fcy\u00fc\u015fe Ba\u015fkan Ak\u0131n\u2019\u0131n yan\u0131 s\u0131ra; Balya Belediye Ba\u015fkan\u0131 Orhan Gaga, meclis \u00fcyeleri, daire ba\u015fkanlar\u0131, \u015fube m\u00fcd\u00fcrleri ve yurdun d\u00f6rt bir yan\u0131ndan gelen Bal\u0131kesirliler Dernekleri Ba\u015fkan ile temsilcileri kat\u0131ld\u0131. Y\u00fcr\u00fcy\u00fc\u015f\u00fcn sona ermesiyle B\u00fcy\u00fck\u015fehir Belediyesi taraf\u0131ndan Za\u011fnos Pa\u015fa Camisi Meydan\u0131\u2019nda d\u00fczenlenen konserde sanat\u00e7\u0131 Ali \u00c7akar, sevilen \u015fark\u0131lar\u0131n\u0131 Bal\u0131kesirliler i\u00e7in seslendirdi. Konserde k\u0131sa bir konu\u015fma yapan Bal\u0131kesir B\u00fcy\u00fck\u015fehir Belediye Ba\u015fkan\u0131 Ahmet Ak\u0131n, \u00f6n\u00fcm\u00fczdeki y\u0131ldan itibaren 10.10 D\u00fcnya Bal\u0131kesirliler G\u00fcn\u00fc\u2019nde \u00fc\u00e7 g\u00fcn s\u00fcrecek festivalle kutlanmaya ba\u015flanaca\u011f\u0131n\u0131 a\u00e7\u0131klad\u0131. Konserde vatanda\u015flar\u0131n co\u015fkusuna ortak olan Ba\u015fkan Ak\u0131n, \u015fark\u0131lara alk\u0131\u015fla e\u015flik etti.<br \/>\nFestivalle kutlanacak<br \/>\nBal\u0131kesir\u2019in Kuva-yi Milliye&#8217;nin ba\u015f\u015fehri oldu\u011funu s\u00f6yleyen Ak\u0131n \u201cMilli birli\u011fin ve milli beraberli\u011fin merkezi. \u0130lk kur\u015funun ve son kur\u015funun at\u0131ld\u0131\u011f\u0131 bir yer. \u0130\u015fte onun i\u00e7in biz de ayr\u0131mc\u0131l\u0131k olmaz. Bizde partizanl\u0131k olmaz. Bizde ne olur? Bizde vatan a\u015fk\u0131 olur. Memleket sevdas\u0131 olur, insan sevdas\u0131 olur. \u0130\u015fte bu d\u00fc\u015f\u00fcncelerle hepinizin D\u00fcnya Bal\u0131kesirliler G\u00fcn\u00fc&#8217;n\u00fc kutluyorum. Bal\u0131kesirliler G\u00fcn\u00fc zaten bizim i\u00e7in bir g\u00fcn de\u011fil 365 g\u00fcn. B\u00fct\u00fcn hayat\u0131m\u0131z, a\u015fk\u0131m\u0131z, sevdam\u0131z hep Bal\u0131kesir. Y\u0131llard\u0131r s\u00f6yl\u00fcyorum \u2018Bal\u0131kesir benim ailem\u2019 diye. Ve bunu y\u00fcrekten s\u00f6yl\u00fcyorum. Bal\u0131kesir ailemi de sevgiyle, sayg\u0131yla kucakl\u0131yorum. Bir sonraki y\u0131l in\u015fallah 10.10 Bal\u0131kesirliler G\u00fcn\u00fcm\u00fcz bir festivalle bulu\u015facak. \u00d6n\u00fcm\u00fczdeki y\u0131l 1. Bal\u0131kesir festivalimizi hep birlikte hayata ge\u00e7irece\u011fiz. \u015eimdiden haz\u0131rl\u0131klar\u0131m\u0131z\u0131 yapaca\u011f\u0131z. Ve Bal\u0131kesir&#8217;in t\u00fcm de\u011ferlerini Bal\u0131kesir&#8217;de okumu\u015f, Bal\u0131kesir&#8217;de do\u011fmu\u015f, Bal\u0131kesir&#8217;de b\u00fcy\u00fcm\u00fc\u015f akademisyenleri, sanat\u00e7\u0131lar\u0131m\u0131z\u0131, i\u015f insanlar\u0131m\u0131z\u0131 konusunda uzman ki\u015filerimizi t\u00fcm Bal\u0131kesirlilerle bulu\u015fturaca\u011f\u0131z. \u0130n\u015fallah \u00e7ok daha g\u00fczel g\u00fcnlerde hep beraber olaca\u011f\u0131z\u201d diye konu\u015ftu.<\/p>\n<p><img loading=\"lazy\" decoding=\"async\" class=\"size-medium wp-image-3394\" src=\"https:\/\/balikesirobjektif.com\/wp-content\/uploads\/2024\/10\/AW305987_11-300x200.jpg\" alt=\"\" width=\"300\" height=\"200\" srcset=\"https:\/\/balikesirobjektif.com\/wp-content\/uploads\/2024\/10\/AW305987_11-300x200.jpg 300w, https:\/\/balikesirobjektif.com\/wp-content\/uploads\/2024\/10\/AW305987_11-1024x682.jpg 1024w, https:\/\/balikesirobjektif.com\/wp-content\/uploads\/2024\/10\/AW305987_11-768x511.jpg 768w, https:\/\/balikesirobjektif.com\/wp-content\/uploads\/2024\/10\/AW305987_11-1536x1022.jpg 1536w, https:\/\/balikesirobjektif.com\/wp-content\/uploads\/2024\/10\/AW305987_11.jpg 1600w\" sizes=\"auto, (max-width: 300px) 100vw, 300px\" \/><\/p>\n<p><img loading=\"lazy\" decoding=\"async\" class=\"size-medium wp-image-3393\" src=\"https:\/\/balikesirobjektif.com\/wp-content\/uploads\/2024\/10\/AW305987_12-300x169.jpg\" alt=\"\" width=\"300\" height=\"169\" srcset=\"https:\/\/balikesirobjektif.com\/wp-content\/uploads\/2024\/10\/AW305987_12-300x169.jpg 300w, https:\/\/balikesirobjektif.com\/wp-content\/uploads\/2024\/10\/AW305987_12-1024x575.jpg 1024w, https:\/\/balikesirobjektif.com\/wp-content\/uploads\/2024\/10\/AW305987_12-768x432.jpg 768w, https:\/\/balikesirobjektif.com\/wp-content\/uploads\/2024\/10\/AW305987_12-1536x863.jpg 1536w, https:\/\/balikesirobjektif.com\/wp-content\/uploads\/2024\/10\/AW305987_12.jpg 1600w\" sizes=\"auto, (max-width: 300px) 100vw, 300px\" \/><\/p>\n<p><img loading=\"lazy\" decoding=\"async\" class=\"size-medium wp-image-3392\" src=\"https:\/\/balikesirobjektif.com\/wp-content\/uploads\/2024\/10\/AW305987_02-300x200.jpg\" alt=\"\" width=\"300\" height=\"200\" srcset=\"https:\/\/balikesirobjektif.com\/wp-content\/uploads\/2024\/10\/AW305987_02-300x200.jpg 300w, https:\/\/balikesirobjektif.com\/wp-content\/uploads\/2024\/10\/AW305987_02-1024x682.jpg 1024w, https:\/\/balikesirobjektif.com\/wp-content\/uploads\/2024\/10\/AW305987_02-768x511.jpg 768w, https:\/\/balikesirobjektif.com\/wp-content\/uploads\/2024\/10\/AW305987_02-1536x1022.jpg 1536w, https:\/\/balikesirobjektif.com\/wp-content\/uploads\/2024\/10\/AW305987_02.jpg 1600w\" sizes=\"auto, (max-width: 300px) 100vw, 300px\" \/><\/p>\n","protected":false},"excerpt":{"rendered":"<p>Bal\u0131kesir B\u00fcy\u00fck\u015fehir Belediye Ba\u015fkan\u0131 Ahmet Ak\u0131n, \u00f6n\u00fcm\u00fczdeki y\u0131ldan itibaren 10.10 D\u00fcnya Bal\u0131kesirliler G\u00fcn\u00fc\u2019n\u00fcn \u00fc\u00e7 g\u00fcn s\u00fcrecek festivalle kutlanaca\u011f\u0131n\u0131n m\u00fcjdesini verdi.<\/p>\n","protected":false},"author":1,"featured_media":3395,"comment_status":"open","ping_status":"open","sticky":false,"template":"","format":"standard","meta":{"footnotes":""},"categories":[716,717],"tags":[666,531,1009,1008],"class_list":["post-3391","post","type-post","status-publish","format-standard","has-post-thumbnail","hentry","category-kultur","category-sanat","tag-ahmet-akin","tag-balikesir","tag-balikesirliler-gunu","tag-festival"],"_links":{"self":[{"href":"https:\/\/balikesirobjektif.com\/index.php\/wp-json\/wp\/v2\/posts\/3391","targetHints":{"allow":["GET"]}}],"collection":[{"href":"https:\/\/balikesirobjektif.com\/index.php\/wp-json\/wp\/v2\/posts"}],"about":[{"href":"https:\/\/balikesirobjektif.com\/index.php\/wp-json\/wp\/v2\/types\/post"}],"author":[{"embeddable":true,"href":"https:\/\/balikesirobjektif.com\/index.php\/wp-json\/wp\/v2\/users\/1"}],"replies":[{"embeddable":true,"href":"https:\/\/balikesirobjektif.com\/index.php\/wp-json\/wp\/v2\/comments?post=3391"}],"version-history":[{"count":1,"href":"https:\/\/balikesirobjektif.com\/index.php\/wp-json\/wp\/v2\/posts\/3391\/revisions"}],"predecessor-version":[{"id":3396,"href":"https:\/\/balikesirobjektif.com\/index.php\/wp-json\/wp\/v2\/posts\/3391\/revisions\/3396"}],"wp:featuredmedia":[{"embeddable":true,"href":"https:\/\/balikesirobjektif.com\/index.php\/wp-json\/wp\/v2\/media\/3395"}],"wp:attachment":[{"href":"https:\/\/balikesirobjektif.com\/index.php\/wp-json\/wp\/v2\/media?parent=3391"}],"wp:term":[{"taxonomy":"category","embeddable":true,"href":"https:\/\/balikesirobjektif.com\/index.php\/wp-json\/wp\/v2\/categories?post=3391"},{"taxonomy":"post_tag","embeddable":true,"href":"https:\/\/balikesirobjektif.com\/index.php\/wp-json\/wp\/v2\/tags?post=3391"}],"curies":[{"name":"wp","href":"https:\/\/api.w.org\/{rel}","templated":true}]}}