{"id":3772,"date":"2025-02-04T10:21:43","date_gmt":"2025-02-04T07:21:43","guid":{"rendered":"https:\/\/balikesirobjektif.com\/?p=3772"},"modified":"2025-02-04T10:21:43","modified_gmt":"2025-02-04T07:21:43","slug":"deprem-arastirma-merkezi-acikladi-tsunamiler-guney-ege-kiyilarimizi-etkileyebilir","status":"publish","type":"post","link":"https:\/\/balikesirobjektif.com\/index.php\/2025\/02\/04\/deprem-arastirma-merkezi-acikladi-tsunamiler-guney-ege-kiyilarimizi-etkileyebilir\/","title":{"rendered":"Deprem Ara\u015ft\u0131rma Merkezi a\u00e7\u0131klad\u0131: &#8220;Tsunamiler g\u00fcney ege k\u0131y\u0131lar\u0131m\u0131z\u0131 etkileyebilir&#8221;"},"content":{"rendered":"<p>Son g\u00fcnlerde Ege Denizi&#8217;nde meydana gelen deprem f\u0131rt\u0131nas\u0131 hakk\u0131nda de\u011ferlendirmede bulunan Bal\u0131kesir \u00dcniversitesi Deprem \u00c7al\u0131\u015fmalar\u0131 Uygulama ve Ara\u015ft\u0131rma Merkezi M\u00fcd\u00fcr\u00fc Prof. Dr. \u0130brahim T\u00fcrkmen, bu sismik aktivite ile birlikte 6 veya 7 b\u00fcy\u00fckl\u00fc\u011f\u00fcnde deprem meydana gelebilece\u011fini ve olu\u015fabilecek tsunaminin ba\u015fta Bodrum ve Dat\u00e7a gibi turizm merkezleri olmak \u00fczere g\u00fcney ege k\u0131y\u0131lar\u0131n\u0131 etkileyebilece\u011fini s\u00f6yledi.<br \/>\nBAUN Deprem Merkezi M\u00fcd\u00fcr\u00fc Prof. Dr. \u0130brahim T\u00fcrkmen, Ege&#8217;de ya\u015fanan sismik aktiviteyi de\u011ferlendirdi. T\u00fcrkmen, &#8220;Son g\u00fcnlerde Ege B\u00f6lgesinde Santorini Adas\u0131\u2019n\u0131n yak\u0131n Kuzey-kuzeydo\u011fusunda en b\u00fcy\u00fc\u011f\u00fc 4.8 Mw olan yakla\u015f\u0131k 500 civar\u0131nda s\u0131\u011f odakl\u0131 k\u00fc\u00e7\u00fck \u00f6l\u00e7ekli depremler meydana gelmi\u015ftir. Benzer nitelikteki depremler &#8220;Deprem F\u0131rt\u0131nas\u0131&#8221; olarak adland\u0131r\u0131lmakta olup genellikle volkanik faaliyetlerle ili\u015fkili olarak geli\u015fmektedirler. Ge\u00e7mi\u015fte aylarca devam eden deprem f\u0131rt\u0131nalar\u0131n\u0131n oldu\u011fu bilinmektedir. Ege B\u00f6lgesindeki adalar da volkanik faaliyetler sonucu olu\u015fmu\u015flard\u0131r. 1956 y\u0131l\u0131nda bug\u00fcnk\u00fc deprem f\u0131rt\u0131nas\u0131n\u0131n etkili oldu\u011fu b\u00f6lgenin yak\u0131n\u0131ndaki Amargos Adas\u0131&#8217;nda meydana gelen ve Bat\u0131 Anadolu k\u0131y\u0131lar\u0131nda hissedilen 7.5 b\u00fcy\u00fckl\u00fc\u011f\u00fcndeki depremle ili\u015fkili tsunaminin olu\u015fturdu\u011fu dalgalar, Yunan adalar\u0131n\u0131 ve T\u00fcrkiye&#8217;nin bat\u0131 k\u0131y\u0131lar\u0131n\u0131 etkilemi\u015ftir. Ege Denizi\u2019ndeki s\u00f6z konusu deprem f\u0131rt\u0131nas\u0131na neden olan volkanik faaliyetler ve aktif faylarla ili\u015fkili 6 ve 7 b\u00fcy\u00fckl\u00fc\u011f\u00fcndeki depremlerin olu\u015fturaca\u011f\u0131 tsunamiler yakla\u015f\u0131k 180 km mesafede bulunan G\u00fcney Ege k\u0131y\u0131lar\u0131ndaki il\u00e7elerimizi (Bodrum ve Dat\u00e7a gibi) etkileyebilir. Ancak ge\u00e7mi\u015fteki deprem f\u0131rt\u0131nalar\u0131n\u0131 takip eden d\u00f6nemlere ait verilere g\u00f6re b\u00fcy\u00fckl\u00fc\u011f\u00fc 6\u2019n\u0131n \u00fczerinde deprem beklenmemektedir. B\u00f6lgede 2011-2012 y\u0131llar\u0131nda 14 ay s\u00fcren benzer bir sismik aktivitenin herhangi bir volkanik faaliyete (volkanik patlamaya) neden olmad\u0131\u011f\u0131 g\u00f6r\u00fclm\u00fc\u015ft\u00fcr. Halen devam eden deprem f\u0131rt\u0131nalar\u0131n\u0131n volkanik patlamaya neden olup olmayaca\u011f\u0131 konusunda bu a\u015famada bir de\u011ferlendirme\/yorum yapmak m\u00fcmk\u00fcn de\u011fildir. B\u00f6lgede etkili olabilecek depremlerin asr\u0131n b\u00fcy\u00fck afetlerini (depremlerini) olu\u015fturan Kuzey Anadolu Fay\u0131 ve Do\u011fu Anadolu Fay\u0131n\u0131 tetiklemesi s\u00f6z konusu de\u011fildir. Buradaki deprem f\u0131rt\u0131nas\u0131n\u0131n bir s\u00fcre daha devam edece\u011fi tahmin edilmektedir&#8221; dedi.<\/p>\n","protected":false},"excerpt":{"rendered":"<p>Son g\u00fcnlerde Ege Denizi&#8217;nde meydana gelen deprem f\u0131rt\u0131nas\u0131 hakk\u0131nda de\u011ferlendirmede bulunan Bal\u0131kesir \u00dcniversitesi Deprem \u00c7al\u0131\u015fmalar\u0131 Uygulama ve Ara\u015ft\u0131rma Merkezi M\u00fcd\u00fcr\u00fc Prof. Dr. \u0130brahim T\u00fcrkmen, bu sismik aktivite ile birlikte 6 veya 7 b\u00fcy\u00fckl\u00fc\u011f\u00fcnde deprem meydana gelebilece\u011fini ve olu\u015fabilecek tsunaminin ba\u015fta Bodrum ve Dat\u00e7a gibi turizm merkezleri olmak \u00fczere g\u00fcney ege k\u0131y\u0131lar\u0131n\u0131 etkileyebilece\u011fini s\u00f6yledi.<\/p>\n","protected":false},"author":1,"featured_media":3773,"comment_status":"open","ping_status":"open","sticky":false,"template":"","format":"standard","meta":{"footnotes":""},"categories":[988],"tags":[551,591,586,1055,635,1056],"class_list":["post-3772","post","type-post","status-publish","format-standard","has-post-thumbnail","hentry","category-genel","tag-ayvalik","tag-deprem","tag-edremit","tag-ege","tag-korfez","tag-tsunami"],"_links":{"self":[{"href":"https:\/\/balikesirobjektif.com\/index.php\/wp-json\/wp\/v2\/posts\/3772","targetHints":{"allow":["GET"]}}],"collection":[{"href":"https:\/\/balikesirobjektif.com\/index.php\/wp-json\/wp\/v2\/posts"}],"about":[{"href":"https:\/\/balikesirobjektif.com\/index.php\/wp-json\/wp\/v2\/types\/post"}],"author":[{"embeddable":true,"href":"https:\/\/balikesirobjektif.com\/index.php\/wp-json\/wp\/v2\/users\/1"}],"replies":[{"embeddable":true,"href":"https:\/\/balikesirobjektif.com\/index.php\/wp-json\/wp\/v2\/comments?post=3772"}],"version-history":[{"count":1,"href":"https:\/\/balikesirobjektif.com\/index.php\/wp-json\/wp\/v2\/posts\/3772\/revisions"}],"predecessor-version":[{"id":3774,"href":"https:\/\/balikesirobjektif.com\/index.php\/wp-json\/wp\/v2\/posts\/3772\/revisions\/3774"}],"wp:featuredmedia":[{"embeddable":true,"href":"https:\/\/balikesirobjektif.com\/index.php\/wp-json\/wp\/v2\/media\/3773"}],"wp:attachment":[{"href":"https:\/\/balikesirobjektif.com\/index.php\/wp-json\/wp\/v2\/media?parent=3772"}],"wp:term":[{"taxonomy":"category","embeddable":true,"href":"https:\/\/balikesirobjektif.com\/index.php\/wp-json\/wp\/v2\/categories?post=3772"},{"taxonomy":"post_tag","embeddable":true,"href":"https:\/\/balikesirobjektif.com\/index.php\/wp-json\/wp\/v2\/tags?post=3772"}],"curies":[{"name":"wp","href":"https:\/\/api.w.org\/{rel}","templated":true}]}}