{"id":3776,"date":"2025-02-10T14:39:34","date_gmt":"2025-02-10T11:39:34","guid":{"rendered":"https:\/\/balikesirobjektif.com\/?p=3776"},"modified":"2025-02-10T14:39:34","modified_gmt":"2025-02-10T11:39:34","slug":"altieylulde-2025-yatirim-ve-acilis-yili-olacak","status":"publish","type":"post","link":"https:\/\/balikesirobjektif.com\/index.php\/2025\/02\/10\/altieylulde-2025-yatirim-ve-acilis-yili-olacak\/","title":{"rendered":"Alt\u0131eyl\u00fcl&#8217;de 2025 yat\u0131r\u0131m ve a\u00e7\u0131l\u0131\u015f y\u0131l\u0131 olacak"},"content":{"rendered":"<p>Alt\u0131eyl\u00fcl Belediye Ba\u015fkan\u0131 Hakan \u015eehirli, 2025 y\u0131l\u0131n\u0131n, il\u00e7ede \u00f6nemli yat\u0131r\u0131mlar\u0131n hayata ge\u00e7irilece\u011fi ve pek \u00e7ok projenin a\u00e7\u0131l\u0131\u015flar\u0131n\u0131n yap\u0131laca\u011f\u0131 bir y\u0131l olaca\u011f\u0131n\u0131 duyurdu. Ba\u015fkan \u015eehirli, bu y\u0131l i\u00e7erisinde il\u00e7e halk\u0131na yeni de\u011ferler kazand\u0131racak projelerin temellerinin at\u0131laca\u011f\u0131n\u0131 ve bir\u00e7ok projenin tamamlanarak halk\u0131n hizmetine sunulaca\u011f\u0131n\u0131 belirtti.<br \/>\n75. Y\u0131l Park\u0131 projesi<br \/>\nBa\u015fkan \u015eehirli, 75. Y\u0131l Park\u0131\u2019nda gen\u00e7ler ve emekliler i\u00e7in \u00f6zel projelerin hayata ge\u00e7irilece\u011fini a\u00e7\u0131klad\u0131. Stadyumun kar\u015f\u0131s\u0131nda bulunan 11 bin 700 m alana sahip parkta, 243 m\u2019lik bir in\u015faat alan\u0131na sahip gen\u00e7ler i\u00e7in bir yap\u0131 in\u015fa edilecek. Bu yap\u0131n\u0131n 150 m\u2019 si kapal\u0131 alan, 93 m\u2019 si ise yar\u0131 a\u00e7\u0131k alan olacak. Ayr\u0131ca, emekliler i\u00e7in 204 m in\u015faat alan\u0131 ayr\u0131lacak; bunun 154 m\u2019 si kapal\u0131 alan, 50 m\u2019 si ise yar\u0131 a\u00e7\u0131k mek\u00e2n olarak planlanacak. Ba\u015fkan \u015eehirli, bu projelerin 2025 y\u0131l\u0131 i\u00e7inde tamamlanarak halk\u0131n kullan\u0131m\u0131na sunulaca\u011f\u0131n\u0131 belirtti.<br \/>\nDo\u011fa ve Bal\u0131kesirspor\u2019a sayg\u0131<br \/>\nBa\u015fkan \u015eehirli, Parkta hi\u00e7bir a\u011faca zarar verilmeden in\u015faat \u00e7al\u0131\u015fmalar\u0131n\u0131n ba\u015flayaca\u011f\u0131n\u0131 belirten Ba\u015fkan \u015eehirli, mevcut an\u0131t\u0131n bak\u0131m ve onar\u0131m\u0131n\u0131n yap\u0131laca\u011f\u0131n\u0131 ifade etti. Ayr\u0131ca, Cumartesi Pazar\u0131 yak\u0131n\u0131ndaki park b\u00f6l\u00fcm\u00fcn\u00fcn, Bal\u0131kesirspor\u2019a \u00f6zel k\u0131rm\u0131z\u0131-beyaz renkleriyle tasarlan\u0131p yenilenece\u011fini belirterek, &#8220;Bal\u0131kesirspor sevgisini bir kez daha ortaya koyaca\u011f\u0131z&#8221; dedi.<br \/>\nKapal\u0131 y\u00fczme havuzu projesi<br \/>\nGaziosmanpa\u015fa Mahallesi\u2019nde yap\u0131m\u0131 devam eden kapal\u0131 y\u00fczme havuzunun 2025 y\u0131l\u0131 i\u00e7erisinde tamamlanarak halk\u0131n hizmetine sunulaca\u011f\u0131 a\u00e7\u0131kland\u0131. Bu projeyle birlikte, Alt\u0131eyl\u00fcl&#8217;de spor imkanlar\u0131n\u0131n artmas\u0131 ve halk\u0131n sa\u011fl\u0131kl\u0131 ya\u015fam aktivitelerine daha kolay ula\u015fmas\u0131 sa\u011flanacak.<br \/>\nBa\u015fkan \u015eehirli, 2025 y\u0131l\u0131n\u0131n Alt\u0131eyl\u00fcl i\u00e7in b\u00fcy\u00fck bir yat\u0131r\u0131m ve geli\u015fim y\u0131l\u0131 olaca\u011f\u0131n\u0131 vurgulayarak, il\u00e7eyi daha ya\u015fanabilir k\u0131lmak ve halk\u0131n\u0131n ya\u015fam kalitesini art\u0131rmak i\u00e7in \u00e7al\u0131\u015fmalar\u0131na h\u0131zla devam ettiklerini belirtti.<\/p>\n<p><img loading=\"lazy\" decoding=\"async\" class=\"size-medium wp-image-3779\" src=\"https:\/\/balikesirobjektif.com\/wp-content\/uploads\/2025\/02\/AW388558_03-300x189.jpg\" alt=\"\" width=\"300\" height=\"189\" srcset=\"https:\/\/balikesirobjektif.com\/wp-content\/uploads\/2025\/02\/AW388558_03-300x189.jpg 300w, https:\/\/balikesirobjektif.com\/wp-content\/uploads\/2025\/02\/AW388558_03-768x485.jpg 768w, https:\/\/balikesirobjektif.com\/wp-content\/uploads\/2025\/02\/AW388558_03.jpg 1000w\" sizes=\"auto, (max-width: 300px) 100vw, 300px\" \/><\/p>\n<p><img loading=\"lazy\" decoding=\"async\" class=\"size-medium wp-image-3778\" src=\"https:\/\/balikesirobjektif.com\/wp-content\/uploads\/2025\/02\/AW388558_02-300x161.jpg\" alt=\"\" width=\"300\" height=\"161\" srcset=\"https:\/\/balikesirobjektif.com\/wp-content\/uploads\/2025\/02\/AW388558_02-300x161.jpg 300w, https:\/\/balikesirobjektif.com\/wp-content\/uploads\/2025\/02\/AW388558_02-768x412.jpg 768w, https:\/\/balikesirobjektif.com\/wp-content\/uploads\/2025\/02\/AW388558_02.jpg 1000w\" sizes=\"auto, (max-width: 300px) 100vw, 300px\" \/><\/p>\n","protected":false},"excerpt":{"rendered":"<p> Alt\u0131eyl\u00fcl Belediye Ba\u015fkan\u0131 Hakan \u015eehirli, 2025 y\u0131l\u0131n\u0131n, il\u00e7ede \u00f6nemli yat\u0131r\u0131mlar\u0131n hayata ge\u00e7irilece\u011fi ve pek \u00e7ok projenin a\u00e7\u0131l\u0131\u015flar\u0131n\u0131n yap\u0131laca\u011f\u0131 bir y\u0131l olaca\u011f\u0131n\u0131 duyurdu.<\/p>\n","protected":false},"author":1,"featured_media":3777,"comment_status":"open","ping_status":"open","sticky":false,"template":"","format":"standard","meta":{"footnotes":""},"categories":[7],"tags":[631,531,949],"class_list":["post-3776","post","type-post","status-publish","format-standard","has-post-thumbnail","hentry","category-ekonomi","tag-altieylul","tag-balikesir","tag-hakansehirli"],"_links":{"self":[{"href":"https:\/\/balikesirobjektif.com\/index.php\/wp-json\/wp\/v2\/posts\/3776","targetHints":{"allow":["GET"]}}],"collection":[{"href":"https:\/\/balikesirobjektif.com\/index.php\/wp-json\/wp\/v2\/posts"}],"about":[{"href":"https:\/\/balikesirobjektif.com\/index.php\/wp-json\/wp\/v2\/types\/post"}],"author":[{"embeddable":true,"href":"https:\/\/balikesirobjektif.com\/index.php\/wp-json\/wp\/v2\/users\/1"}],"replies":[{"embeddable":true,"href":"https:\/\/balikesirobjektif.com\/index.php\/wp-json\/wp\/v2\/comments?post=3776"}],"version-history":[{"count":1,"href":"https:\/\/balikesirobjektif.com\/index.php\/wp-json\/wp\/v2\/posts\/3776\/revisions"}],"predecessor-version":[{"id":3780,"href":"https:\/\/balikesirobjektif.com\/index.php\/wp-json\/wp\/v2\/posts\/3776\/revisions\/3780"}],"wp:featuredmedia":[{"embeddable":true,"href":"https:\/\/balikesirobjektif.com\/index.php\/wp-json\/wp\/v2\/media\/3777"}],"wp:attachment":[{"href":"https:\/\/balikesirobjektif.com\/index.php\/wp-json\/wp\/v2\/media?parent=3776"}],"wp:term":[{"taxonomy":"category","embeddable":true,"href":"https:\/\/balikesirobjektif.com\/index.php\/wp-json\/wp\/v2\/categories?post=3776"},{"taxonomy":"post_tag","embeddable":true,"href":"https:\/\/balikesirobjektif.com\/index.php\/wp-json\/wp\/v2\/tags?post=3776"}],"curies":[{"name":"wp","href":"https:\/\/api.w.org\/{rel}","templated":true}]}}