{"id":3783,"date":"2025-02-18T12:38:42","date_gmt":"2025-02-18T09:38:42","guid":{"rendered":"https:\/\/balikesirobjektif.com\/?p=3783"},"modified":"2025-02-18T12:38:42","modified_gmt":"2025-02-18T09:38:42","slug":"balikesirde-ocak-ayinda-arac-sayisi-644-bin-251-oldu","status":"publish","type":"post","link":"https:\/\/balikesirobjektif.com\/index.php\/2025\/02\/18\/balikesirde-ocak-ayinda-arac-sayisi-644-bin-251-oldu\/","title":{"rendered":"Bal\u0131kesir&#8217;de ocak ay\u0131nda ara\u00e7 say\u0131s\u0131 644 bin 251 oldu"},"content":{"rendered":"<p>Bal\u0131kesir&#8217;de ocak ay\u0131nda trafi\u011fe kay\u0131tl\u0131 ara\u00e7 say\u0131s\u0131 644 bin 251&#8217;e ula\u015ft\u0131. T\u00fcrkiye&#8217;de ocak ay\u0131nda 165 bin 734 adet ta\u015f\u0131t\u0131n trafi\u011fe kayd\u0131 yap\u0131ld\u0131.<br \/>\nT\u00fcrkiye \u0130statistik Kurumundan yap\u0131lan a\u00e7\u0131klamada Bal\u0131kesir&#8217;de trafi\u011fe kay\u0131tl\u0131 ta\u015f\u0131t say\u0131s\u0131 ocak ay\u0131 sonu itibar\u0131yla 644 bin 251 oldu. Ocak ay\u0131nda trafi\u011fe kayd\u0131 yap\u0131lan ta\u015f\u0131tlar\u0131n y\u00fczde 16,7&#8217;si motosiklet, y\u00fczde 62,9&#8217;u otomobil, y\u00fczde 14,7&#8217;si kamyonet, y\u00fczde 1,9&#8217;u trakt\u00f6r, y\u00fczde 2,3&#8217;\u00fc kamyon, y\u00fczde 1&#8217;i minib\u00fcs, y\u00fczde 0,4&#8217;\u00fc otob\u00fcs ve y\u00fczde 0,1&#8217;ini \u00f6zel ama\u00e7l\u0131 ta\u015f\u0131tlar olu\u015fturdu.<\/p>\n<p>Trafi\u011fe kayd\u0131 yap\u0131lan ta\u015f\u0131t say\u0131s\u0131 bir \u00f6nceki aya g\u00f6re y\u00fczde 30,7 artt\u0131<br \/>\nOcak ay\u0131nda trafi\u011fe kayd\u0131 yap\u0131lan ta\u015f\u0131t say\u0131s\u0131 bir \u00f6nceki aya g\u00f6re kamyonette y\u00fczde 13,3 artarken motosiklette y\u00fczde 70,8, trakt\u00f6rde y\u00fczde 57,7, \u00f6zel ama\u00e7l\u0131 ta\u015f\u0131tta y\u00fczde 43,5, minib\u00fcste y\u00fczde 12,7, kamyonda y\u00fczde 5,5, otomobilde y\u00fczde 4,1 ve otob\u00fcste y\u00fczde 3,6 azald\u0131\u011f\u0131 a\u00e7\u0131kland\u0131.<\/p>\n","protected":false},"excerpt":{"rendered":"<p>Bal\u0131kesir&#8217;de ocak ay\u0131nda trafi\u011fe kay\u0131tl\u0131 ara\u00e7 say\u0131s\u0131 644 bin 251&#8217;e ula\u015ft\u0131.<\/p>\n","protected":false},"author":1,"featured_media":3784,"comment_status":"open","ping_status":"open","sticky":false,"template":"","format":"standard","meta":{"footnotes":""},"categories":[7],"tags":[947,531,1057,901],"class_list":["post-3783","post","type-post","status-publish","format-standard","has-post-thumbnail","hentry","category-ekonomi","tag-araba","tag-balikesir","tag-ocak","tag-trafik"],"_links":{"self":[{"href":"https:\/\/balikesirobjektif.com\/index.php\/wp-json\/wp\/v2\/posts\/3783","targetHints":{"allow":["GET"]}}],"collection":[{"href":"https:\/\/balikesirobjektif.com\/index.php\/wp-json\/wp\/v2\/posts"}],"about":[{"href":"https:\/\/balikesirobjektif.com\/index.php\/wp-json\/wp\/v2\/types\/post"}],"author":[{"embeddable":true,"href":"https:\/\/balikesirobjektif.com\/index.php\/wp-json\/wp\/v2\/users\/1"}],"replies":[{"embeddable":true,"href":"https:\/\/balikesirobjektif.com\/index.php\/wp-json\/wp\/v2\/comments?post=3783"}],"version-history":[{"count":1,"href":"https:\/\/balikesirobjektif.com\/index.php\/wp-json\/wp\/v2\/posts\/3783\/revisions"}],"predecessor-version":[{"id":3785,"href":"https:\/\/balikesirobjektif.com\/index.php\/wp-json\/wp\/v2\/posts\/3783\/revisions\/3785"}],"wp:featuredmedia":[{"embeddable":true,"href":"https:\/\/balikesirobjektif.com\/index.php\/wp-json\/wp\/v2\/media\/3784"}],"wp:attachment":[{"href":"https:\/\/balikesirobjektif.com\/index.php\/wp-json\/wp\/v2\/media?parent=3783"}],"wp:term":[{"taxonomy":"category","embeddable":true,"href":"https:\/\/balikesirobjektif.com\/index.php\/wp-json\/wp\/v2\/categories?post=3783"},{"taxonomy":"post_tag","embeddable":true,"href":"https:\/\/balikesirobjektif.com\/index.php\/wp-json\/wp\/v2\/tags?post=3783"}],"curies":[{"name":"wp","href":"https:\/\/api.w.org\/{rel}","templated":true}]}}