{"id":3788,"date":"2025-02-27T14:11:43","date_gmt":"2025-02-27T11:11:43","guid":{"rendered":"https:\/\/balikesirobjektif.com\/?p=3788"},"modified":"2025-02-27T14:11:43","modified_gmt":"2025-02-27T11:11:43","slug":"sut-sektorunde-carpici-iddia-binde-bir-yagli-sut-sulamada-kullanilir-acilen-raflardan-kaldirilmali","status":"publish","type":"post","link":"https:\/\/balikesirobjektif.com\/index.php\/2025\/02\/27\/sut-sektorunde-carpici-iddia-binde-bir-yagli-sut-sulamada-kullanilir-acilen-raflardan-kaldirilmali\/","title":{"rendered":"S\u00fct sekt\u00f6r\u00fcnde \u00e7arp\u0131c\u0131 iddia: &#8220;Binde bir ya\u011fl\u0131 s\u00fct, sulamada kullan\u0131l\u0131r. Acilen raflardan kald\u0131r\u0131lmal\u0131&#8221;"},"content":{"rendered":"<p>T\u00fcrkiye S\u00fct \u00dcreticileri Merkez Birli\u011fi Genel Ba\u015fkan Yard\u0131mc\u0131s\u0131 Cihat \u015eim\u015fek, piyasada binde bir ya\u011fl\u0131 s\u00fct olarak sat\u0131lan \u00fcr\u00fcn\u00fcn asl\u0131nda s\u00fct olmad\u0131\u011f\u0131n\u0131 iddia etti. Rengi s\u00fcte benzeyen \u00fcr\u00fcn\u00fcn sulama amac\u0131yla kullan\u0131labilece\u011fini s\u00f6yleyen Ba\u015fkan \u015eim\u015fek, gerek\u00e7elerini s\u0131ralarken binde bir ya\u011fl\u0131 s\u00fct\u00fcn insan sa\u011fl\u0131\u011f\u0131na da zamanla zarar verebilece\u011fini ifade ederek Tar\u0131m ve Orman Bakanl\u0131\u011f\u0131&#8217;ndan bu \u00fcr\u00fcnlerin (Binde bir ya\u011fl\u0131 s\u00fct) raflardan kald\u0131r\u0131lmas\u0131n\u0131 da \u00fcreticiler ad\u0131na talep etti.<br \/>\nT\u00fcrkiye S\u00fct \u00dcreticileri Merkez Birli\u011fi Genel Ba\u015fkan Yard\u0131mc\u0131s\u0131 unvan\u0131n\u0131n yan\u0131 s\u0131ra Bal\u0131kesir Alt\u0131eyl\u00fcl ve Karesi S\u00fct \u00dcreticileri Birli\u011fi Ba\u015fkan\u0131 da olan Cihat \u015eim\u015fek, Kas\u0131m ay\u0131ndan bu yana raflara konulan 0,1 (Binde bir) ya\u011fl\u0131 s\u00fcte tepki g\u00f6sterdi. &#8216;Bu s\u00fctten peynir yapamazs\u0131n, yo\u011furt yapamazs\u0131n. \u0130\u00e7inde ya\u011f yok. Sulama ama\u00e7l\u0131 kullan\u0131l\u0131r&#8217; diyerek zehir zemberek a\u00e7\u0131klamalarda bulunan Ba\u015fkan \u015eim\u015fek, i\u00e7inden ya\u011f al\u0131nm\u0131\u015f olan binde bir ya\u011fl\u0131 s\u00fct\u00fcn insan sa\u011fl\u0131\u011f\u0131na da zarar\u0131 oldu\u011funu iddia etti. \u015eim\u015fek, &#8220;Hepimiz al\u0131\u015fveri\u015f yap\u0131yoruz ve marketleri ziyaret ediyoruz. S\u00fctte hayat\u0131m\u0131z\u0131n bir par\u00e7as\u0131. Biz \u00fcreticiler olarak \u00fcretti\u011fimiz s\u00fct\u00fc satmakta zorlan\u0131rken, sanayici arkada\u015flar\u0131n y\u00fczde \u00fcreticiden ald\u0131\u011f\u0131 s\u00fct\u00fcn analizinde y\u00fczde 3,6 ya\u011f\u0131n alt\u0131nda \u00e7\u0131kan s\u00fctlere ceza uygularken, y\u00fczde 3,2&#8217;lik s\u00fctleri \u00e7ift\u00e7inin elinde b\u0131rak\u0131rken, sat\u0131n almazken marketlerde bir\u00e7ok markan\u0131n 3.1 ya\u011fl\u0131, 3.2 ya\u011fl\u0131 ya da tam ya\u011fl\u0131 ibareli s\u00fctler g\u00f6r\u00fcyoruz. \u00dcreticiden alm\u0131yorken neden t\u00fcketiciye bu \u00fcr\u00fcn\u00fc sunuyorsunuz? S\u00fct\u00fcn i\u00e7indeki en \u00f6nemli etken madde ya\u011fd\u0131r. As\u0131l \u00f6nemli tehlike ise burada ba\u015fl\u0131yor. S\u00fct\u00fc sat\u0131n al\u0131rken, sanayiciler prim verirler ve bu prim s\u00fct\u00fcn ya\u011f\u0131na g\u00f6re verilir. Fakat marketlerde 15 Kas\u0131m&#8217;dan bu yana binde bir ya\u011fl\u0131 s\u00fctler t\u00fcredi. Binde bir ya\u011fl\u0131 s\u00fct \u015fu demek oluyor. S\u0131f\u0131r ya\u011fl\u0131. Binde bir ile i\u00e7inden \u00e7ekemedikleri ya\u011f\u0131 beyan etmi\u015f oluyorlar. Fiyat\u0131 da di\u011ferine g\u00f6re d\u00fc\u015f\u00fck. \u00dclkemizde her \u015fey al\u0131m g\u00fcc\u00fcne g\u00f6re \u015fekilleniyor. Hepsinin \u00fczerinde s\u00fct yazd\u0131\u011f\u0131 i\u00e7in vatanda\u015f da ya\u011f oran\u0131na bakmaks\u0131z\u0131n fiyat\u0131 d\u00fc\u015f\u00fck olan \u00fcr\u00fcn\u00fc tercih ediyor. Bu bir m\u00fcddet sonra insanlar\u0131m\u0131zda al\u0131\u015fkanl\u0131k haline gelecek ve ger\u00e7ek s\u00fct\u00fc t\u00fckettiklerinde b\u00fcnyesi bunu hazmedemeyecek ve s\u0131k\u0131nt\u0131lar ba\u015f g\u00f6sterecektir. \u0130lgili makam ve mevkilerin bu kalitesiz, bir nevi su gibi, sulamada kullan\u0131lacak cinsten rengi s\u00fcte benzeyen bu \u00fcr\u00fcn\u00fcn raflardan kald\u0131r\u0131lmas\u0131n\u0131 talep ediyoruz&#8221; dedi.<br \/>\nBa\u015fkan \u015eim\u015fek, s\u00f6zlerini \u015f\u00f6yle s\u00fcrd\u00fcrd\u00fc: &#8220;Sordu\u011fumuz zaman, T\u00fcrkiye&#8217;de s\u00fct \u00fcretimi \u00e7ok fazla g\u00f6z\u00fck\u00fcyor. Devlet bu nedenle reg\u00fclasyon al\u0131m\u0131 yap\u0131yor. G\u00fcnde 2 bin ton s\u00fct\u00fcn s\u00fct tozuna \u00e7evrilmesi ile alakal\u0131 stok maliyetlerini de \u00fczerine \u00e7ekerken; sanayicinin di\u011fer tarafta s\u00fct\u00fcn ya\u011f\u0131n\u0131 \u00e7ekerek s\u00fct diye suyu satmaya devam etmesi al\u0131nmayan s\u00fctlerin de ekonomik y\u00fck\u00fcn\u00fcn ta\u015f\u0131nmas\u0131na sebep oluyor. Bir \u00e7ok yerel sanayicimiz bu d\u00f6nemlerde Avrupa&#8217;da tereya\u011f\u0131 s\u0131k\u0131nt\u0131s\u0131 ya\u015fand\u0131\u011f\u0131n\u0131, T\u00fcrkiye&#8217;de b\u00f6yle bir durum olmad\u0131\u011f\u0131n\u0131 beyan ettiler. Olmaz tabi ki, s\u00fct\u00fcn i\u00e7indeki b\u00fct\u00fcn ya\u011f\u0131 \u00e7ekmi\u015fler, piyasaya binde bir ya\u011fl\u0131 diye s\u00fct sunarlarsa sanayici tereya\u011f\u0131 s\u0131k\u0131nt\u0131s\u0131 \u00e7ekmez. Ger\u00e7ek s\u00fct de t\u00fcketiciye ula\u015fmad\u0131\u011f\u0131 i\u00e7in \u00fclkemizde s\u00fct fazla olarak g\u00f6z\u00fck\u00fcyor. Yine buna benzer piyasada yar\u0131m ya\u011fl\u0131 tereya\u011flar\u0131 t\u00fcremeye ba\u015flad\u0131. Bu ne demektir arkada\u015flar? Tereya\u011f\u0131, tereya\u011f\u0131d\u0131r. Bunun yar\u0131m ya\u011fl\u0131s\u0131 ya da farkl\u0131 bir \u015fekli olmaz.&#8221;<br \/>\nBa\u015fkan \u015eim\u015fek, Tar\u0131m ve Orman Bakanl\u0131\u011f\u0131 taraf\u0131ndan \u00fcretimde ta\u011f\u015fi\u015f ve hile yapan firmalar\u0131n if\u015fa edilmesini yerinde bulduklar\u0131n\u0131 vurgulayarak, &#8216;yetmez&#8217; dedi. \u015eim\u015fek, &#8220;Bakanl\u0131\u011f\u0131m\u0131zdan ricam\u0131z, bu listelerde \u00fcr\u00fcnleri 2 kez yay\u0131nlananlar \u00fc\u00e7\u00fcnc\u00fc kez listeye girerler ise bu \u015firketler kapat\u0131ls\u0131n. \u0130nsan sa\u011fl\u0131\u011f\u0131 ile oynamaya devam etmesinler. \u00c7\u00fcnk\u00fc bunlar, t\u00fcketicinin sa\u011fl\u0131\u011f\u0131 ile oynad\u0131klar\u0131 gibi \u00fcreticinin de gelece\u011fi ile oynuyorlar&#8221; dedi.<br \/>\n\u0130HA muhabirinin &#8216;Binde bir ya\u011fl\u0131 s\u00fcte s\u00fct demiyorsunuz, peki nedir bu&#8217; sorusunu cevaplayan \u015eim\u015fek, &#8220;S\u00fctten insanlar yo\u011furt yapar, peynir yapar. \u00d6rne\u011fin s\u00fct\u00fcn ya\u011f oran\u0131 iyi ise 6 kilogram s\u00fctten peynir yapars\u0131n, bu s\u00fctten yapamazs\u0131n i\u00e7inde ya\u011f yok. \u0130nsanlar son d\u00f6nemde neden manda s\u00fct\u00fcne ilgi g\u00f6steriyor, neden jersey s\u00fct\u00fcne ilgi g\u00f6steriyor, tamamen i\u00e7indeki ya\u011f oran\u0131 ile ilgili bir durum&#8221; diye konu\u015ftu.<\/p>\n","protected":false},"excerpt":{"rendered":"<p>T\u00fcrkiye S\u00fct \u00dcreticileri Merkez Birli\u011fi Genel Ba\u015fkan Yard\u0131mc\u0131s\u0131 Cihat \u015eim\u015fek, piyasada binde bir ya\u011fl\u0131 s\u00fct olarak sat\u0131lan \u00fcr\u00fcn\u00fcn asl\u0131nda s\u00fct olmad\u0131\u011f\u0131n\u0131 iddia etti.<\/p>\n","protected":false},"author":1,"featured_media":3789,"comment_status":"open","ping_status":"open","sticky":false,"template":"","format":"standard","meta":{"footnotes":""},"categories":[7],"tags":[531,1059,104,1058],"class_list":["post-3788","post","type-post","status-publish","format-standard","has-post-thumbnail","hentry","category-ekonomi","tag-balikesir","tag-inek","tag-sut","tag-tsumb"],"_links":{"self":[{"href":"https:\/\/balikesirobjektif.com\/index.php\/wp-json\/wp\/v2\/posts\/3788","targetHints":{"allow":["GET"]}}],"collection":[{"href":"https:\/\/balikesirobjektif.com\/index.php\/wp-json\/wp\/v2\/posts"}],"about":[{"href":"https:\/\/balikesirobjektif.com\/index.php\/wp-json\/wp\/v2\/types\/post"}],"author":[{"embeddable":true,"href":"https:\/\/balikesirobjektif.com\/index.php\/wp-json\/wp\/v2\/users\/1"}],"replies":[{"embeddable":true,"href":"https:\/\/balikesirobjektif.com\/index.php\/wp-json\/wp\/v2\/comments?post=3788"}],"version-history":[{"count":1,"href":"https:\/\/balikesirobjektif.com\/index.php\/wp-json\/wp\/v2\/posts\/3788\/revisions"}],"predecessor-version":[{"id":3790,"href":"https:\/\/balikesirobjektif.com\/index.php\/wp-json\/wp\/v2\/posts\/3788\/revisions\/3790"}],"wp:featuredmedia":[{"embeddable":true,"href":"https:\/\/balikesirobjektif.com\/index.php\/wp-json\/wp\/v2\/media\/3789"}],"wp:attachment":[{"href":"https:\/\/balikesirobjektif.com\/index.php\/wp-json\/wp\/v2\/media?parent=3788"}],"wp:term":[{"taxonomy":"category","embeddable":true,"href":"https:\/\/balikesirobjektif.com\/index.php\/wp-json\/wp\/v2\/categories?post=3788"},{"taxonomy":"post_tag","embeddable":true,"href":"https:\/\/balikesirobjektif.com\/index.php\/wp-json\/wp\/v2\/tags?post=3788"}],"curies":[{"name":"wp","href":"https:\/\/api.w.org\/{rel}","templated":true}]}}