{"id":3980,"date":"2025-05-21T13:23:21","date_gmt":"2025-05-21T10:23:21","guid":{"rendered":"https:\/\/balikesirobjektif.com\/?p=3980"},"modified":"2025-05-21T13:23:21","modified_gmt":"2025-05-21T10:23:21","slug":"akin-hafta-sonu-mesaisini-koy-hayirlarina-ayirdi","status":"publish","type":"post","link":"https:\/\/balikesirobjektif.com\/index.php\/2025\/05\/21\/akin-hafta-sonu-mesaisini-koy-hayirlarina-ayirdi\/","title":{"rendered":"Ak\u0131n, hafta sonu mesaisini k\u00f6y hay\u0131rlar\u0131na ay\u0131rd\u0131"},"content":{"rendered":"<p>Hafta sonu mesaisini k\u00f6y hay\u0131rlar\u0131na ay\u0131ran Bal\u0131kesir B\u00fcy\u00fck\u015fehir Belediye Ba\u015fkan\u0131 Ahmet<br \/>\nAk\u0131n, binlerce ki\u015fiyi bir araya getiren geleneksel k\u00f6y hay\u0131rlar\u0131nda hem\u015fehriyle bir arada<br \/>\nolmaktan b\u00fcy\u00fck memnuniyet duydu\u011funu s\u00f6yledi.<\/p>\n<p>Bal\u0131kesir B\u00fcy\u00fck\u015fehir Belediye Ba\u015fkan\u0131 Ahmet Ak\u0131n, Bal\u0131kesir\u2019de her y\u0131l may\u0131s ay\u0131nda<br \/>\nd\u00fczenlenen geleneksel k\u00f6y hay\u0131rlar\u0131 ve H\u0131d\u0131rellez \u015fenliklerinde hem\u015ferilerini yaln\u0131z<br \/>\nb\u0131rakm\u0131yor. Hafta sonu mesaisini k\u00f6y hay\u0131rlar\u0131nda vatanda\u015flarla bir araya gelerek ge\u00e7iren<br \/>\nAk\u0131n, k\u00f6y hay\u0131rlar\u0131n\u0131n toplumsal kayna\u015fmas\u0131 g\u00fc\u00e7lendiren \u00f6nemli gelenekler aras\u0131nda yer<br \/>\nald\u0131\u011f\u0131n\u0131 s\u00f6yledi. Ak\u0131n, g\u00fcne Kepsut Hota\u015flar Mahallesi K\u00f6y Hayr\u0131na kat\u0131larak ba\u015flad\u0131.<br \/>\nArd\u0131ndan Alt\u0131eyl\u00fcl il\u00e7esi Asl\u0131hantepecik ve G\u00f6kk\u00f6y Mahalleleri ile Karesi il\u00e7esi K\u00f6teyli<br \/>\nMahallesi\u2019nde d\u00fczenlenen k\u00f6y hay\u0131rlar\u0131na kat\u0131ld\u0131. Yeroluk ve Yaylabay\u0131r Mahallelerini ziyaret<br \/>\nederek g\u00fcn\u00fc tamamlayan Ak\u0131n, \u201cBal\u0131kesir&amp;#39;imizi d\u00f6rt bucak gezmeye, talepleri yerinde<br \/>\ndinlemeye ve hem\u015fehrilerimizle birlikte olmaya devam edece\u011fiz.\u201d dedi. Ziyaretlerde Ak\u0131n\u2019a;<br \/>\ne\u015fi Arbil Ak\u0131n, CHP Bal\u0131kesir Milletvekili Serkan Sar\u0131, Karesi Belediye Ba\u015fkan\u0131 Mesut<br \/>\nAkb\u0131y\u0131k ve k\u00f6y muhtarlar\u0131 da e\u015flik etti. Ak\u0131n\u2019\u0131n hay\u0131rlara kat\u0131l\u0131m\u0131n\u0131n kendilerini \u00e7ok memnun<br \/>\netti\u011fini ifade eden k\u00f6y sakinleri, ya\u015fad\u0131klar\u0131 b\u00f6lgelere dair sorun ve taleplerini de iletti.<br \/>\n\u201cHAYIR DUALARINIZI EKS\u0130K ETMEY\u0130N\u201d<br \/>\nToplumsal birlik ve beraberlik duygular\u0131n\u0131 peki\u015ftiren bu etkinliklerde hem\u015fehriyle bir arada<br \/>\nolmaktan b\u00fcy\u00fck bir memnuniyet duydu\u011funu ifade eden Bal\u0131kesir B\u00fcy\u00fck\u015fehir Belediye<br \/>\nBa\u015fkan\u0131 Ahmet Ak\u0131n, K\u00f6teyli Mahallesi\u2019nde \u00e7ocuklarla halat \u00e7ekme yar\u0131\u015f\u0131 yapt\u0131. Yar\u0131\u015fman\u0131n<br \/>\nsonunda Ba\u015fkan Ak\u0131n, \u00e7ocuklara oyuncak da\u011f\u0131tt\u0131. Vatanda\u015flara hitap eden Ak\u0131n, \u201cMesut<br \/>\nBa\u015fkan\u0131m\u0131zla birlikte Karesi il\u00e7emizin t\u00fcm mahallerinde \u00e7al\u0131\u015fma halindeyiz. \u0130n\u015fallah,<br \/>\nBal\u0131kesir\u2019imizi hak etti\u011fi konuma ta\u015f\u0131mak, \u00e7ocuklar\u0131m\u0131za g\u00fczel ortamlar\u0131n olu\u015fmas\u0131, k\u00fclt\u00fcrel<br \/>\nve sosyal alanlar\u0131n olu\u015fmas\u0131 i\u00e7in gece g\u00fcnd\u00fcz \u00e7al\u0131\u015f\u0131yoruz. Sizlerden tek iste\u011fim hay\u0131r<br \/>\ndualar\u0131n\u0131z\u0131 ve desteklerinizi eksik etmeyin.\u201d dedi. Ak\u0131n, k\u00f6y hayr\u0131 gelene\u011finin<br \/>\ns\u00fcrd\u00fcr\u00fclmesinde emek harcayan k\u00f6y muhtarlar\u0131n\u0131 da emeklerinden dolay\u0131 tebrik etti.<\/p>\n<p><img loading=\"lazy\" decoding=\"async\" class=\"alignnone size-medium wp-image-3983\" src=\"https:\/\/balikesirobjektif.com\/wp-content\/uploads\/2025\/05\/akin_hafta_sonu_mesaisini_koy_hayirlarina_ayirdi_3-300x200.jpeg\" alt=\"\" width=\"300\" height=\"200\" srcset=\"https:\/\/balikesirobjektif.com\/wp-content\/uploads\/2025\/05\/akin_hafta_sonu_mesaisini_koy_hayirlarina_ayirdi_3-300x200.jpeg 300w, https:\/\/balikesirobjektif.com\/wp-content\/uploads\/2025\/05\/akin_hafta_sonu_mesaisini_koy_hayirlarina_ayirdi_3-1024x683.jpeg 1024w, https:\/\/balikesirobjektif.com\/wp-content\/uploads\/2025\/05\/akin_hafta_sonu_mesaisini_koy_hayirlarina_ayirdi_3-768x512.jpeg 768w, https:\/\/balikesirobjektif.com\/wp-content\/uploads\/2025\/05\/akin_hafta_sonu_mesaisini_koy_hayirlarina_ayirdi_3-1536x1024.jpeg 1536w, https:\/\/balikesirobjektif.com\/wp-content\/uploads\/2025\/05\/akin_hafta_sonu_mesaisini_koy_hayirlarina_ayirdi_3-2048x1365.jpeg 2048w\" sizes=\"auto, (max-width: 300px) 100vw, 300px\" \/> <img loading=\"lazy\" decoding=\"async\" class=\"alignnone size-medium wp-image-3982\" src=\"https:\/\/balikesirobjektif.com\/wp-content\/uploads\/2025\/05\/akin_hafta_sonu_mesaisini_koy_hayirlarina_ayirdi_10-300x200.jpeg\" alt=\"\" width=\"300\" height=\"200\" srcset=\"https:\/\/balikesirobjektif.com\/wp-content\/uploads\/2025\/05\/akin_hafta_sonu_mesaisini_koy_hayirlarina_ayirdi_10-300x200.jpeg 300w, https:\/\/balikesirobjektif.com\/wp-content\/uploads\/2025\/05\/akin_hafta_sonu_mesaisini_koy_hayirlarina_ayirdi_10-1024x683.jpeg 1024w, https:\/\/balikesirobjektif.com\/wp-content\/uploads\/2025\/05\/akin_hafta_sonu_mesaisini_koy_hayirlarina_ayirdi_10-768x512.jpeg 768w, https:\/\/balikesirobjektif.com\/wp-content\/uploads\/2025\/05\/akin_hafta_sonu_mesaisini_koy_hayirlarina_ayirdi_10-1536x1024.jpeg 1536w, https:\/\/balikesirobjektif.com\/wp-content\/uploads\/2025\/05\/akin_hafta_sonu_mesaisini_koy_hayirlarina_ayirdi_10-2048x1365.jpeg 2048w\" sizes=\"auto, (max-width: 300px) 100vw, 300px\" \/> <img loading=\"lazy\" decoding=\"async\" class=\"alignnone size-medium wp-image-3981\" src=\"https:\/\/balikesirobjektif.com\/wp-content\/uploads\/2025\/05\/akin_hafta_sonu_mesaisini_koy_hayirlarina_ayirdi_6-300x200.jpeg\" alt=\"\" width=\"300\" height=\"200\" srcset=\"https:\/\/balikesirobjektif.com\/wp-content\/uploads\/2025\/05\/akin_hafta_sonu_mesaisini_koy_hayirlarina_ayirdi_6-300x200.jpeg 300w, https:\/\/balikesirobjektif.com\/wp-content\/uploads\/2025\/05\/akin_hafta_sonu_mesaisini_koy_hayirlarina_ayirdi_6-1024x683.jpeg 1024w, https:\/\/balikesirobjektif.com\/wp-content\/uploads\/2025\/05\/akin_hafta_sonu_mesaisini_koy_hayirlarina_ayirdi_6-768x512.jpeg 768w, https:\/\/balikesirobjektif.com\/wp-content\/uploads\/2025\/05\/akin_hafta_sonu_mesaisini_koy_hayirlarina_ayirdi_6-1536x1024.jpeg 1536w, https:\/\/balikesirobjektif.com\/wp-content\/uploads\/2025\/05\/akin_hafta_sonu_mesaisini_koy_hayirlarina_ayirdi_6-2048x1365.jpeg 2048w\" sizes=\"auto, (max-width: 300px) 100vw, 300px\" \/><\/p>\n","protected":false},"excerpt":{"rendered":"<p>Hafta sonu mesaisini k\u00f6y hay\u0131rlar\u0131na ay\u0131ran Bal\u0131kesir B\u00fcy\u00fck\u015fehir Belediye Ba\u015fkan\u0131 Ahmet<br \/>\nAk\u0131n, binlerce ki\u015fiyi bir araya getiren geleneksel k\u00f6y hay\u0131rlar\u0131nda hem\u015fehriyle bir arada<br \/>\nolmaktan b\u00fcy\u00fck memnuniyet duydu\u011funu s\u00f6yledi.<\/p>\n","protected":false},"author":1,"featured_media":3984,"comment_status":"open","ping_status":"open","sticky":false,"template":"","format":"standard","meta":{"footnotes":""},"categories":[988],"tags":[588,531,1086,847],"class_list":["post-3980","post","type-post","status-publish","format-standard","has-post-thumbnail","hentry","category-genel","tag-ahmetakin","tag-balikesir","tag-hayir","tag-koy"],"_links":{"self":[{"href":"https:\/\/balikesirobjektif.com\/index.php\/wp-json\/wp\/v2\/posts\/3980","targetHints":{"allow":["GET"]}}],"collection":[{"href":"https:\/\/balikesirobjektif.com\/index.php\/wp-json\/wp\/v2\/posts"}],"about":[{"href":"https:\/\/balikesirobjektif.com\/index.php\/wp-json\/wp\/v2\/types\/post"}],"author":[{"embeddable":true,"href":"https:\/\/balikesirobjektif.com\/index.php\/wp-json\/wp\/v2\/users\/1"}],"replies":[{"embeddable":true,"href":"https:\/\/balikesirobjektif.com\/index.php\/wp-json\/wp\/v2\/comments?post=3980"}],"version-history":[{"count":1,"href":"https:\/\/balikesirobjektif.com\/index.php\/wp-json\/wp\/v2\/posts\/3980\/revisions"}],"predecessor-version":[{"id":3985,"href":"https:\/\/balikesirobjektif.com\/index.php\/wp-json\/wp\/v2\/posts\/3980\/revisions\/3985"}],"wp:featuredmedia":[{"embeddable":true,"href":"https:\/\/balikesirobjektif.com\/index.php\/wp-json\/wp\/v2\/media\/3984"}],"wp:attachment":[{"href":"https:\/\/balikesirobjektif.com\/index.php\/wp-json\/wp\/v2\/media?parent=3980"}],"wp:term":[{"taxonomy":"category","embeddable":true,"href":"https:\/\/balikesirobjektif.com\/index.php\/wp-json\/wp\/v2\/categories?post=3980"},{"taxonomy":"post_tag","embeddable":true,"href":"https:\/\/balikesirobjektif.com\/index.php\/wp-json\/wp\/v2\/tags?post=3980"}],"curies":[{"name":"wp","href":"https:\/\/api.w.org\/{rel}","templated":true}]}}