{"id":3986,"date":"2025-05-21T13:32:46","date_gmt":"2025-05-21T10:32:46","guid":{"rendered":"https:\/\/balikesirobjektif.com\/?p=3986"},"modified":"2025-05-21T13:32:46","modified_gmt":"2025-05-21T10:32:46","slug":"altieylulde-bayramin-coskusu-doyasiya-yasandi","status":"publish","type":"post","link":"https:\/\/balikesirobjektif.com\/index.php\/2025\/05\/21\/altieylulde-bayramin-coskusu-doyasiya-yasandi\/","title":{"rendered":"ALTIEYL\u00dcL\u2019DE BAYRAMIN CO\u015eKUSU DOYASIYA YA\u015eANDI"},"content":{"rendered":"<p>Alt\u0131eyl\u00fcl Belediyesi, 19 May\u0131s Atat\u00fcrk&#8217;\u00fc Anma, Gen\u00e7lik ve Spor Bayram\u0131&#8217;n\u0131 \u00f6zel gereksinimli bireyler ve<br \/>\nvatanda\u015flar\u0131n kat\u0131l\u0131m\u0131yla co\u015fkulu etkinliklerle kutlad\u0131. &#8216;Engelsiz Kula\u00e7lar&#8217; etkinli\u011fi ve T\u00fcrk m\u00fczi\u011fi<br \/>\nkonseriyle renklenen programda, bayram co\u015fkusu doyas\u0131ya ya\u015fan\u0131yor.<\/p>\n<p>BAYRAMIN TADINI \u00c7IKARDILAR<br \/>\nAlt\u0131eyl\u00fcl Belediyesi, Bal\u0131kesir B\u00fcy\u00fck\u015fehir Belediyesi, Alt\u0131eyl\u00fcl Kent Konseyi Engelsiz \u015eehir Meclisi ve<br \/>\nBal\u0131kesir Kent Konseyi Engelsiz \u015eehir Bal\u0131kesir i\u015fbirli\u011fiyle d\u00fczenlenen &#8216;Engelsiz Kula\u00e7lar&#8217; etkinli\u011fi, 19<br \/>\nMay\u0131s Atat\u00fcrk&#8217;\u00fc Anma, Gen\u00e7lik ve Spor Bayram\u0131 kutlamalar\u0131 kapsam\u0131nda Gazi Mustafa Kemal Atat\u00fcrk<br \/>\nYa\u015fam Kompleksi y\u00fczme havuzunda ger\u00e7ekle\u015ftirildi. Etkinli\u011fe kat\u0131lan 20 \u00f6zel gereksinimli birey,<br \/>\ny\u00fczme havuzunda d\u00fczenlenen aktivitelerle e\u011flenceli dakikalar ge\u00e7irdi. Kat\u0131l\u0131mc\u0131lar, uzman e\u011fitmenler<br \/>\ne\u015fli\u011finde y\u00fczme aktivitelerine kat\u0131larak engellerin sporla nas\u0131l a\u015f\u0131labilece\u011fini g\u00f6sterdi.<\/p>\n<p>BA\u015eKAN \u015eEH\u0130RL\u0130 \u0130LE KUCAKLA\u015eTILAR<br \/>\nY\u00fczme etkinli\u011finin ard\u0131ndan d\u00fczenlenen \u00f6zel bir t\u00f6renle, kat\u0131l\u0131mc\u0131lara Alt\u0131eyl\u00fcl Belediye Ba\u015fkan\u0131<br \/>\nHakan \u015eehirli taraf\u0131ndan madalya ve belgeler takdim edildi. Ba\u015fkan \u015eehirli, t\u00f6rende yapt\u0131\u011f\u0131<br \/>\nkonu\u015fmada, &#8221;19 May\u0131s ruhunu en g\u00fczel \u015fekilde ya\u015fatan \u00f6zel misafirlerimizle bir arada olmaktan<br \/>\nb\u00fcy\u00fck mutluluk duyuyoruz. Engel tan\u0131mayan vatanda\u015flar\u0131m\u0131z\u0131n azmi ve kararl\u0131l\u0131\u011f\u0131 hepimize \u00f6rnek<br \/>\noluyor&#8221; ifadelerini kulland\u0131. Madalya t\u00f6reninin ard\u0131ndan \u00f6zel gereksinimli bireyler, Ba\u015fkan \u015eehirli ile<br \/>\nsamimi anlarda bir araya gelerek bayram co\u015fkusunu payla\u015ft\u0131.<\/p>\n<p>M\u00dcZ\u0130K Z\u0130YAFET\u0130YLE KAPANI\u015e<br \/>\n19 May\u0131s Bayram\u0131 kutlamalar\u0131n\u0131n kapan\u0131\u015f etkinli\u011fi, Asuva Ay Y\u0131ld\u0131z Amfi Tiyatro&amp;#39;da ger\u00e7ekle\u015ftirilen<br \/>\nmuhte\u015fem bir konserle ta\u00e7land\u0131r\u0131ld\u0131. \u015eef Bora Balo\u011flu y\u00f6netimindeki Bal\u0131kesir Sanat Toplulu\u011fu T\u00fcrk<br \/>\nM\u00fczi\u011fi Korosu, sanatseverlere unutulmaz bir m\u00fczik ziyafeti sundu. Konserde, T\u00fcrk m\u00fczi\u011finin sevilen<br \/>\neserleri seslendirilirken, vatanda\u015flar bayram co\u015fkusunu m\u00fczi\u011fin birle\u015ftirici g\u00fcc\u00fcyle ya\u015fad\u0131. Yo\u011fun<br \/>\nkat\u0131l\u0131mla ger\u00e7ekle\u015fen konser, izleyicilerden b\u00fcy\u00fck alk\u0131\u015f ald\u0131 ve g\u00f6rkemli bir final ile sonland\u0131r\u0131ld\u0131.<br \/>\nAlt\u0131eyl\u00fcl\u2019de bayram\u0131n co\u015fkusu konserler ve etkinliklerle 2 g\u00fcn daha devam edecek.<\/p>\n<p><img loading=\"lazy\" decoding=\"async\" class=\"alignnone size-medium wp-image-3989\" src=\"https:\/\/balikesirobjektif.com\/wp-content\/uploads\/2025\/05\/1-2-4-300x200.jpeg\" alt=\"\" width=\"300\" height=\"200\" srcset=\"https:\/\/balikesirobjektif.com\/wp-content\/uploads\/2025\/05\/1-2-4-300x200.jpeg 300w, https:\/\/balikesirobjektif.com\/wp-content\/uploads\/2025\/05\/1-2-4-768x511.jpeg 768w, https:\/\/balikesirobjektif.com\/wp-content\/uploads\/2025\/05\/1-2-4.jpeg 1000w\" sizes=\"auto, (max-width: 300px) 100vw, 300px\" \/> <img loading=\"lazy\" decoding=\"async\" class=\"alignnone size-medium wp-image-3988\" src=\"https:\/\/balikesirobjektif.com\/wp-content\/uploads\/2025\/05\/1-3-3-300x200.jpeg\" alt=\"\" width=\"300\" height=\"200\" srcset=\"https:\/\/balikesirobjektif.com\/wp-content\/uploads\/2025\/05\/1-3-3-300x200.jpeg 300w, https:\/\/balikesirobjektif.com\/wp-content\/uploads\/2025\/05\/1-3-3-768x511.jpeg 768w, https:\/\/balikesirobjektif.com\/wp-content\/uploads\/2025\/05\/1-3-3.jpeg 1000w\" sizes=\"auto, (max-width: 300px) 100vw, 300px\" \/> <img loading=\"lazy\" decoding=\"async\" class=\"alignnone size-medium wp-image-3987\" src=\"https:\/\/balikesirobjektif.com\/wp-content\/uploads\/2025\/05\/1-4-3-300x200.jpeg\" alt=\"\" width=\"300\" height=\"200\" srcset=\"https:\/\/balikesirobjektif.com\/wp-content\/uploads\/2025\/05\/1-4-3-300x200.jpeg 300w, https:\/\/balikesirobjektif.com\/wp-content\/uploads\/2025\/05\/1-4-3-768x511.jpeg 768w, https:\/\/balikesirobjektif.com\/wp-content\/uploads\/2025\/05\/1-4-3.jpeg 1000w\" sizes=\"auto, (max-width: 300px) 100vw, 300px\" \/><\/p>\n","protected":false},"excerpt":{"rendered":"<p>Alt\u0131eyl\u00fcl Belediyesi, 19 May\u0131s Atat\u00fcrk&#8217;\u00fc Anma, Gen\u00e7lik ve Spor Bayram\u0131&#8217;n\u0131 \u00f6zel gereksinimli bireyler ve vatanda\u015flar\u0131n kat\u0131l\u0131m\u0131yla co\u015fkulu etkinliklerle kutlad\u0131. &#8216;Engelsiz Kula\u00e7lar&#8217; etkinli\u011fi ve T\u00fcrk m\u00fczi\u011fi konseriyle renklenen programda, bayram co\u015fkusu doyas\u0131ya ya\u015fan\u0131yor. BAYRAMIN TADINI \u00c7IKARDILAR Alt\u0131eyl\u00fcl Belediyesi, Bal\u0131kesir B\u00fcy\u00fck\u015fehir Belediyesi, Alt\u0131eyl\u00fcl Kent Konseyi Engelsiz \u015eehir Meclisi ve Bal\u0131kesir Kent Konseyi Engelsiz \u015eehir Bal\u0131kesir i\u015fbirli\u011fiyle d\u00fczenlenen [&hellip;]<\/p>\n","protected":false},"author":1,"featured_media":3990,"comment_status":"open","ping_status":"open","sticky":false,"template":"","format":"standard","meta":{"footnotes":""},"categories":[14],"tags":[631,531,708,485,1087],"class_list":["post-3986","post","type-post","status-publish","format-standard","has-post-thumbnail","hentry","category-spor","tag-altieylul","tag-balikesir","tag-engelsiz","tag-spor","tag-yuzme"],"_links":{"self":[{"href":"https:\/\/balikesirobjektif.com\/index.php\/wp-json\/wp\/v2\/posts\/3986","targetHints":{"allow":["GET"]}}],"collection":[{"href":"https:\/\/balikesirobjektif.com\/index.php\/wp-json\/wp\/v2\/posts"}],"about":[{"href":"https:\/\/balikesirobjektif.com\/index.php\/wp-json\/wp\/v2\/types\/post"}],"author":[{"embeddable":true,"href":"https:\/\/balikesirobjektif.com\/index.php\/wp-json\/wp\/v2\/users\/1"}],"replies":[{"embeddable":true,"href":"https:\/\/balikesirobjektif.com\/index.php\/wp-json\/wp\/v2\/comments?post=3986"}],"version-history":[{"count":1,"href":"https:\/\/balikesirobjektif.com\/index.php\/wp-json\/wp\/v2\/posts\/3986\/revisions"}],"predecessor-version":[{"id":3991,"href":"https:\/\/balikesirobjektif.com\/index.php\/wp-json\/wp\/v2\/posts\/3986\/revisions\/3991"}],"wp:featuredmedia":[{"embeddable":true,"href":"https:\/\/balikesirobjektif.com\/index.php\/wp-json\/wp\/v2\/media\/3990"}],"wp:attachment":[{"href":"https:\/\/balikesirobjektif.com\/index.php\/wp-json\/wp\/v2\/media?parent=3986"}],"wp:term":[{"taxonomy":"category","embeddable":true,"href":"https:\/\/balikesirobjektif.com\/index.php\/wp-json\/wp\/v2\/categories?post=3986"},{"taxonomy":"post_tag","embeddable":true,"href":"https:\/\/balikesirobjektif.com\/index.php\/wp-json\/wp\/v2\/tags?post=3986"}],"curies":[{"name":"wp","href":"https:\/\/api.w.org\/{rel}","templated":true}]}}