{"id":3994,"date":"2025-05-29T12:13:30","date_gmt":"2025-05-29T09:13:30","guid":{"rendered":"https:\/\/balikesirobjektif.com\/?p=3994"},"modified":"2025-05-29T13:18:39","modified_gmt":"2025-05-29T10:18:39","slug":"turkiyenin-gida-deposu-balikesir-ar-ge-ataginda","status":"publish","type":"post","link":"https:\/\/balikesirobjektif.com\/index.php\/2025\/05\/29\/turkiyenin-gida-deposu-balikesir-ar-ge-ataginda\/","title":{"rendered":"T\u00fcrkiye\u2019nin g\u0131da deposu Bal\u0131kesir Ar-Ge ata\u011f\u0131nda"},"content":{"rendered":"<p>Bal\u0131kesir\u2019in T\u00fcrkiye ekonomisinde daha etkin yer almas\u0131 ve tar\u0131mdan turizme yat\u0131r\u0131mlar i\u00e7in bir cazibe merkezi olmas\u0131 i\u00e7in, il y\u00f6netimi taraf\u0131ndan \u00f6nemli ad\u0131mlar at\u0131l\u0131rken, ilin en g\u00fc\u00e7l\u00fc kollar\u0131ndan biri olan s\u00fct ve s\u00fct \u00fcr\u00fcnlerinin yurti\u00e7i ve yurtd\u0131\u015f\u0131nda tan\u0131t\u0131lmas\u0131 i\u00e7in de bir dizi yenilik \u015fart. Sekt\u00f6r temsilcilerine g\u00f6re, s\u00fct ve s\u00fct \u00fcr\u00fcnleri \u00fcreticileri desteklenmeli, firmalar tan\u0131t\u0131m ve pazarlamaya a\u011f\u0131rl\u0131k vererek mutlaka yurti\u00e7i ve yurtd\u0131\u015f\u0131ndaki fuarlara kat\u0131lmal\u0131, hedef pazarlar belirlenmeli ve bu pazarlar\u0131n talep etti\u011fi \u00fcr\u00fcn \u00e7e\u015fidine g\u00f6re de Ar-Ge yat\u0131r\u0131mlar\u0131na h\u0131z verilmeli.<\/p>\n<p><strong>5 B\u0130N TON TEREYA\u011eI \u00dcRET\u0130L\u0130YOR<\/strong><\/p>\n<p><strong>\u00a0<\/strong>Bal\u0131kesir, T\u00fcrkiye&#8217;de y\u0131ll\u0131k ortalama 750 bin ton s\u00fct \u00fcretimi ile ilk iki s\u0131ran\u0131n i\u00e7inde yer al\u0131yor. Genel olarak past\u00f6rize s\u00fct, peynir, tereya\u011f\u0131, yo\u011furt, ayran, kaymak, lor, krema gibi s\u00fct ve s\u00fct \u00fcr\u00fcnleri \u00fcretiminde yakla\u015f\u0131k 160 adet i\u015fletme bulunuyor. Bal\u0131kesir Merkez, G\u00f6nen, Susurluk, Manyas, Sava\u015ftepe, Havran ba\u015fta olmak \u00fczere hemen t\u00fcm il\u00e7elerde y\u0131lda 5.000 ton tereya\u011f\u0131, 90.000 ton peynir, 50.000 ton yo\u011furt \u00fcretiliyor. \u00d6zellikle \u0130vrindi, Ayval\u0131k, Edremit ve Burhaniye\u2019de yap\u0131lan Sepet Peyniri ve loru; Ayval\u0131k y\u00f6resinin Kirli Han\u0131m Peyniri ve loru; G\u00f6nen, Manyas, Erdek ve Band\u0131rma y\u00f6resinin Kelle ve Manyas Peyniri; S\u0131nd\u0131rg\u0131, Bigadi\u00e7, Kepsut ve Dursunbey il\u00e7elerinin Ke\u00e7i Peyniri, Bal\u0131kesir\u2019e \u00f6zg\u00fc \u00f6nemli s\u00fct \u00fcr\u00fcnlerini olu\u015fturuyor. Bal\u0131kesir H\u00f6\u015fmerim tatl\u0131s\u0131, Bal\u0131kesir kaymakl\u0131s\u0131, Bal\u0131kesir manda kayma\u011f\u0131, Ayval\u0131k lor tatl\u0131s\u0131, Balya tereya\u011f\u0131, \u0130vrindi ya\u011fl\u0131lar basma helvas\u0131,\u00a0 Susurluk ayran\u0131 da ilin co\u011frafi i\u015faretli \u00fcr\u00fcnlerinden\u2026\u00d6zellikle ihracatta \u00f6n\u00fc a\u00e7\u0131k olan peynirde \u00e7ok fazla \u00e7e\u015fide sahip olan Bal\u0131kesir, bu \u00f6zelli\u011fini art\u0131ya \u00e7evirmek i\u00e7in turizmi de kullanabilir. Son y\u0131llarda turistlerin destinasyon se\u00e7iminde \u00f6nemli parametrelerden olan gastronomi turizmi, markala\u015fma yoluyla rekabet g\u00fcc\u00fcn\u00fcn art\u0131r\u0131lmas\u0131nda b\u00fcy\u00fck rol oynuyor. Bal\u0131kesir de son y\u0131llarda T\u00fcrk mutfa\u011f\u0131nda \u00f6nemli bir yeri olan kahvalt\u0131s\u0131yla \u00f6ne \u00e7\u0131k\u0131yor. Bal\u0131kesir kahvalt\u0131s\u0131n\u0131n, gastronomik unsur olarak kullan\u0131lmas\u0131, hem gastronomi turizmi a\u00e7\u0131s\u0131ndan farkl\u0131la\u015fmaya, hem de bu \u00fcr\u00fcnleri \u00fcreten i\u015fletmelerin olumlu olarak faydalanmas\u0131yla ekonomik kalk\u0131nmaya katk\u0131 sa\u011flayabilir.<\/p>\n<p><img loading=\"lazy\" decoding=\"async\" class=\"alignnone wp-image-3998\" src=\"https:\/\/balikesirobjektif.com\/wp-content\/uploads\/2025\/05\/hq720-300x169.jpg\" alt=\"\" width=\"472\" height=\"266\" srcset=\"https:\/\/balikesirobjektif.com\/wp-content\/uploads\/2025\/05\/hq720-300x169.jpg 300w, https:\/\/balikesirobjektif.com\/wp-content\/uploads\/2025\/05\/hq720.jpg 686w\" sizes=\"auto, (max-width: 472px) 100vw, 472px\" \/><\/p>\n<p><strong>MODERN TARIM ARTIRILMALI<\/strong><\/p>\n<p>Sekt\u00f6r temsilcilerine g\u00f6re; Bal\u0131kesir\u2019de s\u00fct ve s\u00fct \u00fcr\u00fcnleri sekt\u00f6r\u00fcn\u00fcn ata\u011fa kalkmas\u0131 ve tar\u0131m-hayvanc\u0131l\u0131\u011f\u0131n s\u00fcrd\u00fcr\u00fclebilirli\u011fi i\u00e7in modern tar\u0131m tekniklerinin kullan\u0131lmas\u0131 ve \u00e7ift\u00e7ilere y\u00f6nelik e\u011fitim programlar\u0131n\u0131n art\u0131r\u0131lmas\u0131 gerekiyor. \u00c7ok i\u015flevli tar\u0131m uygulamalar\u0131 te\u015fvik edilerek, tar\u0131msal \u00fcretim ve \u00e7evreyi topluma y\u00f6nelik hizmetlerle birle\u015ftiren projeler hayata ge\u00e7irilmeli. K\u0131rsal alanlar\u0131n ekonomik ve sosyal kalk\u0131nmas\u0131 i\u00e7in \u00f6zel destek programlar\u0131 ve altyap\u0131 yat\u0131r\u0131mlar\u0131 yap\u0131lmal\u0131. Yerel \u00fcr\u00fcnlerin pazarlanmas\u0131 ve ticaretin desteklenmesi, tar\u0131m ve hayvanc\u0131l\u0131kla ilgili sanayi tesislerinin kurulmas\u0131 \u00f6nemli bir kriter. Yerel i\u015fletmelerin desteklenmesi ve pazar a\u011flar\u0131n\u0131n geni\u015fletilmesi, KOB\u0130\u2019lere y\u00f6nelik finansman deste\u011fi projelerinin geli\u015ftirilmesi, yerel ekonominin g\u00fc\u00e7lendirilmesi i\u00e7in kooperatiflerin desteklenmesi, b\u00f6lgesel ticaret fuarlar\u0131n\u0131n d\u00fczenlenmesi, b\u00f6lgenin ulusal ve uluslararas\u0131 d\u00fczeyde tan\u0131t\u0131m\u0131 i\u00e7in kampanyalar\u0131n d\u00fczenlenmesi, y\u00f6resel \u00fcr\u00fcnlerin tan\u0131t\u0131m\u0131 ve b\u00f6lgesel festivallerin d\u00fczenli hale getirilmesi gerekiyor.<\/p>\n","protected":false},"excerpt":{"rendered":"<p>\u00a0\u2018T\u00fcrkiye\u2019yi doyuran il\u2019 ve \u2018T\u00fcrkiye\u2019nin g\u0131da deposu\u2019 gibi \u00f6zellikleriyle tan\u0131nan Bal\u0131kesir, g\u00fc\u00e7l\u00fc g\u0131da sanayisi ve kendine \u00f6zg\u00fc co\u011frafi \u00fcr\u00fcnleriyle ata\u011fa kalkmaya haz\u0131rlan\u0131yor.<\/p>\n","protected":false},"author":1,"featured_media":4001,"comment_status":"open","ping_status":"open","sticky":false,"template":"","format":"standard","meta":{"footnotes":""},"categories":[988,1,529,11],"tags":[531,1015,104,102,1088],"class_list":["post-3994","post","type-post","status-publish","format-standard","has-post-thumbnail","hentry","category-genel","category-gundem","category-ilceler","category-manset","tag-balikesir","tag-hayvancilik","tag-sut","tag-tarim","tag-tereyagi"],"_links":{"self":[{"href":"https:\/\/balikesirobjektif.com\/index.php\/wp-json\/wp\/v2\/posts\/3994","targetHints":{"allow":["GET"]}}],"collection":[{"href":"https:\/\/balikesirobjektif.com\/index.php\/wp-json\/wp\/v2\/posts"}],"about":[{"href":"https:\/\/balikesirobjektif.com\/index.php\/wp-json\/wp\/v2\/types\/post"}],"author":[{"embeddable":true,"href":"https:\/\/balikesirobjektif.com\/index.php\/wp-json\/wp\/v2\/users\/1"}],"replies":[{"embeddable":true,"href":"https:\/\/balikesirobjektif.com\/index.php\/wp-json\/wp\/v2\/comments?post=3994"}],"version-history":[{"count":2,"href":"https:\/\/balikesirobjektif.com\/index.php\/wp-json\/wp\/v2\/posts\/3994\/revisions"}],"predecessor-version":[{"id":4000,"href":"https:\/\/balikesirobjektif.com\/index.php\/wp-json\/wp\/v2\/posts\/3994\/revisions\/4000"}],"wp:featuredmedia":[{"embeddable":true,"href":"https:\/\/balikesirobjektif.com\/index.php\/wp-json\/wp\/v2\/media\/4001"}],"wp:attachment":[{"href":"https:\/\/balikesirobjektif.com\/index.php\/wp-json\/wp\/v2\/media?parent=3994"}],"wp:term":[{"taxonomy":"category","embeddable":true,"href":"https:\/\/balikesirobjektif.com\/index.php\/wp-json\/wp\/v2\/categories?post=3994"},{"taxonomy":"post_tag","embeddable":true,"href":"https:\/\/balikesirobjektif.com\/index.php\/wp-json\/wp\/v2\/tags?post=3994"}],"curies":[{"name":"wp","href":"https:\/\/api.w.org\/{rel}","templated":true}]}}