{"id":4043,"date":"2025-06-11T10:32:36","date_gmt":"2025-06-11T07:32:36","guid":{"rendered":"https:\/\/balikesirobjektif.com\/?p=4043"},"modified":"2025-06-11T10:33:02","modified_gmt":"2025-06-11T07:33:02","slug":"balikesirli-emlakcilar-tedb-catisi-altinda-birlesti","status":"publish","type":"post","link":"https:\/\/balikesirobjektif.com\/index.php\/2025\/06\/11\/balikesirli-emlakcilar-tedb-catisi-altinda-birlesti\/","title":{"rendered":"Bal\u0131kesirli emlak\u00e7\u0131lar TEDB \u00e7at\u0131s\u0131 alt\u0131nda birle\u015fti"},"content":{"rendered":"<p>T\u00fcm Emlak Dan\u0131\u015fmanlar\u0131 Birli\u011fi (TEDB) Bal\u0131kesir Ba\u015fkan\u0131 Halil Torun, TEDB Bal\u0131kesir \u015eubesinde gazetecilere yapt\u0131\u011f\u0131 a\u00e7\u0131klamada, birliklerinin \u00e7ok k\u0131sa bir s\u00fcrede Bal\u0131kesir&#8217;de 222 \u00fcyeye \u00e7\u0131kt\u0131\u011f\u0131n\u0131 s\u00f6yledi.<\/p>\n<p>Emlak sekt\u00f6r\u00fcnde \u00e7al\u0131\u015fanlar\u0131n bir araya gelmesinin \u00f6nemine vurgu yapan Torun, &#8220;Emlak sekt\u00f6r\u00fcyle ilgili bir yasam\u0131z olsun istiyoruz. Genel ba\u015fkan\u0131m\u0131z Hakan Ak\u00e7am&#8217;la birlikte Ankara&#8217;da yasa i\u00e7in b\u00fct\u00fcn m\u00fccadelemizi veriyoruz.&#8221; diye konu\u015ftu.<\/p>\n<p><img loading=\"lazy\" decoding=\"async\" class=\"alignnone size-medium wp-image-4045\" src=\"https:\/\/balikesirobjektif.com\/wp-content\/uploads\/2025\/06\/WhatsApp-Image-2025-06-11-at-10.19.06-300x200.jpeg\" alt=\"\" width=\"300\" height=\"200\" srcset=\"https:\/\/balikesirobjektif.com\/wp-content\/uploads\/2025\/06\/WhatsApp-Image-2025-06-11-at-10.19.06-300x200.jpeg 300w, https:\/\/balikesirobjektif.com\/wp-content\/uploads\/2025\/06\/WhatsApp-Image-2025-06-11-at-10.19.06-1024x682.jpeg 1024w, https:\/\/balikesirobjektif.com\/wp-content\/uploads\/2025\/06\/WhatsApp-Image-2025-06-11-at-10.19.06-768x512.jpeg 768w, https:\/\/balikesirobjektif.com\/wp-content\/uploads\/2025\/06\/WhatsApp-Image-2025-06-11-at-10.19.06-1536x1023.jpeg 1536w, https:\/\/balikesirobjektif.com\/wp-content\/uploads\/2025\/06\/WhatsApp-Image-2025-06-11-at-10.19.06.jpeg 1600w\" sizes=\"auto, (max-width: 300px) 100vw, 300px\" \/><\/p>\n<p>Torun, Kovid-19 ve depremlerin insanlar\u0131n m\u00fcstakil ya\u015fama \u00f6zen g\u00f6stermeye ba\u015flamas\u0131na neden oldu\u011funu belirterek,<\/p>\n<p>&#8220;Biz emlak sekt\u00f6r\u00fc olarak \u00e7ok fazla zorluk \u00e7ektik. Maalesef g\u00fcven noktas\u0131nda zafiyetlerin de olu\u015ftu\u011funu g\u00f6rd\u00fck art\u0131k her \u015fey de\u011fi\u015fiyor. T\u00fcrkiye&#8217;de dijitalle\u015fme, siteler, tapu, ilanlarla ilgili bir\u00e7ok \u015feyin de\u011fi\u015fti\u011fini g\u00f6r\u00fcyoruz. Bir\u00e7ok zorluk \u00e7eken sekt\u00f6r\u00fcm\u00fcz TEDB \u015femsiyesi alt\u0131nda birle\u015fti. \u0130l\u00e7elerimizde \u00f6rg\u00fctlenmelerimizi olu\u015fturduk, \u00fcye say\u0131m\u0131z her ge\u00e7en g\u00fcn art\u0131yor. Mesle\u011fimizle ilgili \u00f6n yarg\u0131lar\u0131n k\u0131r\u0131lmas\u0131 ve mesle\u011fimizin daha da ilerleyebilmesi i\u00e7in b\u00f6yle bir birli\u011fe \u00e7ok ihtiya\u00e7 vard\u0131. Daha \u00e7ok tarla, arsa son zamanlarda tine house, bungalov ve prefabriklerde ya\u015famak daha da cazip hale geldi. \u015eu anda k\u00f6ylerde ya\u015famak art\u0131k daha kaliteli bir ya\u015fam bi\u00e7imiymi\u015f gibi bir alg\u0131m\u0131z var. Bal\u0131kesir&#8217;in k\u0131rsal co\u011frafyas\u0131n\u0131n geni\u015f olmas\u0131 bu tip ya\u015fama uygun ortamlar\u0131n artmas\u0131n\u0131 sa\u011fl\u0131yor. \u015eehir merkezinde ya\u015famaya ra\u011fmen 10 dakika mesafede k\u0131rsal ya\u015fama ula\u015fabiliyorsunuz. \u0130zmir ve Bursa&#8217;n\u0131n bize yak\u0131n olmas\u0131, \u0130stanbul&#8217;daki hava alanlar\u0131na 2,5 saatte eri\u015fmemiz, 1915 \u00c7anakkale K\u00f6pr\u00fcs\u00fc ve yak\u0131n zamanda hayata ge\u00e7irilecek olan h\u0131zl\u0131 tren projesiyle kentimiz \u00e7ok daha de\u011ferli hale gelecektir. Bal\u0131kesir&#8217;de m\u00fcstakil ya\u015fam anlam\u0131nda insanlara sunabilece\u011fimiz \u00e7ok ciddi alternatiflerimiz var.&#8221;<\/p>\n<p><img loading=\"lazy\" decoding=\"async\" class=\"alignnone size-medium wp-image-4044\" src=\"https:\/\/balikesirobjektif.com\/wp-content\/uploads\/2025\/06\/WhatsApp-Image-2025-06-11-at-10.19.06-1-300x200.jpeg\" alt=\"\" width=\"300\" height=\"200\" srcset=\"https:\/\/balikesirobjektif.com\/wp-content\/uploads\/2025\/06\/WhatsApp-Image-2025-06-11-at-10.19.06-1-300x200.jpeg 300w, https:\/\/balikesirobjektif.com\/wp-content\/uploads\/2025\/06\/WhatsApp-Image-2025-06-11-at-10.19.06-1-1024x682.jpeg 1024w, https:\/\/balikesirobjektif.com\/wp-content\/uploads\/2025\/06\/WhatsApp-Image-2025-06-11-at-10.19.06-1-768x512.jpeg 768w, https:\/\/balikesirobjektif.com\/wp-content\/uploads\/2025\/06\/WhatsApp-Image-2025-06-11-at-10.19.06-1-1536x1023.jpeg 1536w, https:\/\/balikesirobjektif.com\/wp-content\/uploads\/2025\/06\/WhatsApp-Image-2025-06-11-at-10.19.06-1.jpeg 1600w\" sizes=\"auto, (max-width: 300px) 100vw, 300px\" \/><\/p>\n<p>Programa, TEDB Bal\u0131kesir Ba\u015fkanvekili Behrem Y\u0131lmaz ve Ba\u015fkan Yard\u0131mc\u0131s\u0131 C\u00fcneyt Durmaz ve \u00fcyeler kat\u0131ld\u0131.<\/p>\n","protected":false},"excerpt":{"rendered":"<p>Bal\u0131kesir&#8217;de emlak sekt\u00f6r\u00fcnde faaliyet g\u00f6steren emlak \u00e7al\u0131\u015fanlar\u0131, T\u00fcm Emlak Dan\u0131\u015fmanlar\u0131 Birli\u011fi (TEDB) \u00e7at\u0131s\u0131 alt\u0131nda bir araya gelerek g\u00fc\u00e7lerini birle\u015ftirdi.<\/p>\n","protected":false},"author":1,"featured_media":4046,"comment_status":"open","ping_status":"open","sticky":false,"template":"","format":"standard","meta":{"footnotes":""},"categories":[7,988,1,11],"tags":[531,1093,1095,706,1094],"class_list":["post-4043","post","type-post","status-publish","format-standard","has-post-thumbnail","hentry","category-ekonomi","category-genel","category-gundem","category-manset","tag-balikesir","tag-emlak","tag-gayrimenkul","tag-konut","tag-tedb"],"_links":{"self":[{"href":"https:\/\/balikesirobjektif.com\/index.php\/wp-json\/wp\/v2\/posts\/4043","targetHints":{"allow":["GET"]}}],"collection":[{"href":"https:\/\/balikesirobjektif.com\/index.php\/wp-json\/wp\/v2\/posts"}],"about":[{"href":"https:\/\/balikesirobjektif.com\/index.php\/wp-json\/wp\/v2\/types\/post"}],"author":[{"embeddable":true,"href":"https:\/\/balikesirobjektif.com\/index.php\/wp-json\/wp\/v2\/users\/1"}],"replies":[{"embeddable":true,"href":"https:\/\/balikesirobjektif.com\/index.php\/wp-json\/wp\/v2\/comments?post=4043"}],"version-history":[{"count":2,"href":"https:\/\/balikesirobjektif.com\/index.php\/wp-json\/wp\/v2\/posts\/4043\/revisions"}],"predecessor-version":[{"id":4048,"href":"https:\/\/balikesirobjektif.com\/index.php\/wp-json\/wp\/v2\/posts\/4043\/revisions\/4048"}],"wp:featuredmedia":[{"embeddable":true,"href":"https:\/\/balikesirobjektif.com\/index.php\/wp-json\/wp\/v2\/media\/4046"}],"wp:attachment":[{"href":"https:\/\/balikesirobjektif.com\/index.php\/wp-json\/wp\/v2\/media?parent=4043"}],"wp:term":[{"taxonomy":"category","embeddable":true,"href":"https:\/\/balikesirobjektif.com\/index.php\/wp-json\/wp\/v2\/categories?post=4043"},{"taxonomy":"post_tag","embeddable":true,"href":"https:\/\/balikesirobjektif.com\/index.php\/wp-json\/wp\/v2\/tags?post=4043"}],"curies":[{"name":"wp","href":"https:\/\/api.w.org\/{rel}","templated":true}]}}