{"id":4379,"date":"2026-03-16T10:25:40","date_gmt":"2026-03-16T07:25:40","guid":{"rendered":"https:\/\/balikesirobjektif.com\/?p=4379"},"modified":"2026-03-16T10:25:40","modified_gmt":"2026-03-16T07:25:40","slug":"meyve-agaclari-sehit-ekici-adina-toprakla-bulustu","status":"publish","type":"post","link":"https:\/\/balikesirobjektif.com\/index.php\/2026\/03\/16\/meyve-agaclari-sehit-ekici-adina-toprakla-bulustu\/","title":{"rendered":"Meyve a\u011fa\u00e7lar\u0131 \u015fehit Ekici ad\u0131na toprakla bulu\u015ftu"},"content":{"rendered":"<p>T\u00fcrk Havac\u0131l\u0131k ve Uzay Sanayii Anonim \u015eirketi&#8217;nin (TUSA\u015e) yerle\u015fkesine d\u00fczenlenen ter\u00f6r sald\u0131r\u0131s\u0131nda \u015fehit olan m\u00fchendis Zahide G\u00fc\u00e7l\u00fc Ekici an\u0131s\u0131na, Bal\u0131kesir \u00dcniversitesi \u00c7a\u011f\u0131\u015f Kamp\u00fcs\u00fc&#8217;ne 1000 fidan dikildi. Fidan dikimi sonras\u0131 pilotluk hayali olan \u015fehidin k\u0131z\u0131 Ece Naz Ekici&#8217;ye sim\u00fclasyon merkezi gezdirildi.<br \/>\nT\u00fcrk Havac\u0131l\u0131k ve Uzay Sanayii A.\u015e&#8217;de (TUSA\u015e) g\u00f6rev yaparken ger\u00e7ekle\u015ftirilen hain sald\u0131r\u0131da \u015fehit olan makine m\u00fchendisi Zahide G\u00fc\u00e7l\u00fc Ekici an\u0131s\u0131na Bal\u0131kesir \u00dcniversitesi \u00c7a\u011f\u0131\u015f Kamp\u00fcs\u00fc&#8217;nde 1000 meyve fidan\u0131 toprakla bulu\u015fturuldu. Bal\u0131kesir \u00dcniversitesi Makine M\u00fchendisli\u011fi B\u00f6l\u00fcm\u00fc&#8217;nden 2009 y\u0131l\u0131nda mezun olan Ekici ad\u0131na d\u00fczenlenen fidan dikim etkinli\u011fi, Bal\u0131kesir \u00dcniversitesi, \u00c7evre Kurulu\u015flar\u0131 Dayan\u0131\u015fma Derne\u011fi (\u00c7EKUD) ve Ekici&#8217;nin ailesinin katk\u0131lar\u0131yla ger\u00e7ekle\u015ftirildi.<br \/>\nBal\u0131kesir \u00dcniversitesi \u00c7a\u011f\u0131\u015f Kamp\u00fcs\u00fc&#8217;nde d\u00fczenlenen etkinlikte, Ekici&#8217;nin hat\u0131ras\u0131n\u0131 ya\u015fatmak amac\u0131yla 1000 meyve fidan\u0131 dikildi. Etkinli\u011fe \u015fehidin a\u011fabeyi, e\u015fi ve \u00e7ocu\u011funun yan\u0131 s\u0131ra \u00fcniversite yetkilileri, \u00f6\u011frenciler ve davetliler kat\u0131ld\u0131. Program kapsam\u0131nda dikilen fidanlar\u0131n, Zahide G\u00fc\u00e7l\u00fc Ekici&#8217;nin ad\u0131n\u0131 ve hat\u0131ras\u0131n\u0131 ya\u015fataca\u011f\u0131 ifade edildi.<br \/>\nEtkinli\u011fin sonunda pilotluk hayali oldu\u011fu \u00f6\u011frenilen Ece Naz Ekici, Bal\u0131kesir \u00dcniversitesi Sim\u00fclasyon Merkezi&#8217;ne g\u00f6t\u00fcr\u00fclerek u\u00e7ak sim\u00fclasyonlar\u0131 hakk\u0131nda bilgilendirildi. Ekici, burada baz\u0131 sim\u00fclasyon cihazlar\u0131n\u0131 da deneyimledi.<br \/>\nFidan fikim t\u00f6reninde konu\u015fan Bal\u0131kesir \u00dcniversitesi Rekt\u00f6r\u00fc Prof. Dr. Y\u00fccel O\u011furlu, milletleri ayakta tutan en \u00f6nemli unsurlar\u0131n hat\u0131ralar ve milli haf\u0131za oldu\u011funu vurgulad\u0131. \u015eehitlerin milletlerin tarih\u00ee devaml\u0131l\u0131\u011f\u0131nda b\u00fcy\u00fck rol oynad\u0131\u011f\u0131n\u0131 belirten O\u011furlu, bayra\u011f\u0131n ve vatan\u0131n varl\u0131\u011f\u0131n\u0131n \u015fehitlere bor\u00e7lu olundu\u011funu ifade etti.<br \/>\nTUSA\u015e&#8217;a y\u00f6nelik ger\u00e7ekle\u015ftirilen sald\u0131r\u0131n\u0131n s\u0131radan bir sald\u0131r\u0131 olmad\u0131\u011f\u0131n\u0131 dile getiren O\u011furlu, &#8220;T\u00fcrkiye&#8217;nin bilimde, ilimde, sanatta ve k\u00fclt\u00fcrde geli\u015fmesini istemeyenler hedeflerini iyi biliyor. Savunma sanayimizin kalbi say\u0131lan TUSA\u015e gibi kurumlar bu nedenle i\u00e7eriden ve d\u0131\u015far\u0131dan \u00e7e\u015fitli sald\u0131r\u0131lara maruz kal\u0131yor&#8221; dedi.<\/p>\n<p><img loading=\"lazy\" decoding=\"async\" class=\"alignnone  wp-image-4381\" src=\"https:\/\/balikesirobjektif.com\/wp-content\/uploads\/2026\/03\/AW662482_04-300x169.jpg\" alt=\"\" width=\"392\" height=\"221\" srcset=\"https:\/\/balikesirobjektif.com\/wp-content\/uploads\/2026\/03\/AW662482_04-300x169.jpg 300w, https:\/\/balikesirobjektif.com\/wp-content\/uploads\/2026\/03\/AW662482_04-768x432.jpg 768w, https:\/\/balikesirobjektif.com\/wp-content\/uploads\/2026\/03\/AW662482_04.jpg 999w\" sizes=\"auto, (max-width: 392px) 100vw, 392px\" \/><br \/>\n\u015eehitlerin dinimize g\u00f6re \u00f6lmedi\u011fine, diri olduklar\u0131na inan\u0131ld\u0131\u011f\u0131n\u0131 ifade eden O\u011furlu, \u015fehit Zahide G\u00fc\u00e7l\u00fc Ekici&#8217;nin de milletin g\u00f6nl\u00fcnde ya\u015famaya devam etti\u011fini s\u00f6yledi.<br \/>\n\u015eehidin ailesinin de onun hat\u0131ras\u0131n\u0131 ya\u015fatmak i\u00e7in b\u00fcy\u00fck bir vefa \u00f6rne\u011fi sergiledi\u011fini belirten O\u011furlu, daha \u00f6nce de \u00e7e\u015fitli \u00e7al\u0131\u015fmalar yap\u0131ld\u0131\u011f\u0131n\u0131, bu \u00e7al\u0131\u015fmalar\u0131n devam etti\u011fini dile getirdi. Program kapsam\u0131nda olu\u015fturulan meyve bah\u00e7esiyle \u015fehidin hat\u0131ras\u0131n\u0131 ya\u015fatmak ad\u0131na \u00f6nemli bir ad\u0131m at\u0131ld\u0131\u011f\u0131n\u0131 ifade eden O\u011furlu, bu giri\u015fimin sadece \u00fcniversite ve aileyle s\u0131n\u0131rl\u0131 kalmay\u0131p t\u00fcm T\u00fcrkiye&#8217;de \u015fehidin hat\u0131ras\u0131n\u0131 ya\u015fatmaya katk\u0131 sa\u011flayaca\u011f\u0131n\u0131 kaydetti.<br \/>\n\u015eehidin a\u011fabeyi Z\u00fcbeyir Ekici ise yapt\u0131\u011f\u0131 konu\u015fmada fidan dikim kampanyas\u0131n\u0131n k\u0131sa s\u00fcrede geni\u015f bir destek a\u011f\u0131na ula\u015ft\u0131\u011f\u0131n\u0131 belirtti. Ekici, karde\u015fi Zahide&#8217;nin ge\u00e7mi\u015fte sadece ailesinin bir ferdi oldu\u011funu ifade ederek, &#8220;\u015eehitlik mertebesiyle birlikte Zahide art\u0131k sadece bizim karde\u015fimiz de\u011fil, herkesin ailesinden biri oldu. Onun sevgisi ve hat\u0131ras\u0131 \u00e7ok daha b\u00fcy\u00fck bir aile olu\u015fturdu&#8221; dedi.<br \/>\nKampanyan\u0131n ilk olarak aile taraf\u0131ndan ba\u015flat\u0131ld\u0131\u011f\u0131n\u0131 s\u00f6yleyen Ekici, zamanla savunma sanayi \u00e7al\u0131\u015fanlar\u0131ndan eski okul arkada\u015flar\u0131na, \u00f6\u011fretmenlerinden \u00fcniversitedeki akademisyenlere kadar bir\u00e7ok ki\u015finin destek verdi\u011fini vurgulad\u0131.<br \/>\nFidan dikim \u00e7al\u0131\u015fmalar\u0131 kapsam\u0131nda \u00f6nemli bir a\u015famaya ula\u015f\u0131ld\u0131\u011f\u0131n\u0131 belirten Ekici, &#8220;Ankara&#8217;da 2 bin fidan Orman Bakanl\u0131\u011f\u0131 taraf\u0131ndan \u00e7am orman\u0131 olarak dikildi. Ard\u0131ndan Bal\u0131kesir \u00dcniversitesi&#8217;nde bir meyve bah\u00e7esi olu\u015fturma fikri ortaya \u00e7\u0131kt\u0131. Zahide ve e\u015fi bu \u00fcniversitenin mezunlar\u0131 oldu\u011fu i\u00e7in buras\u0131 bizim i\u00e7in ayr\u0131 bir anlam ta\u015f\u0131yor&#8221; ifadelerini kulland\u0131.<br \/>\nProje kapsam\u0131nda toplam fidan say\u0131s\u0131n\u0131n 6 bine ula\u015ft\u0131\u011f\u0131n\u0131 a\u00e7\u0131klayan Ekici, &#8220;Bundan sonraki s\u00fcre\u00e7te 3 bin fidan da \u0130zmir&#8217;in \u00d6demi\u015f il\u00e7esinde devlet arazisinde zeytinlik olarak dikilecek ve hayat bulacak. Fidan say\u0131s\u0131 artarsa yeni alanlarda da dikimler yapmay\u0131 s\u00fcrd\u00fcrece\u011fiz&#8221; \u015feklinde konu\u015ftu.<br \/>\nEkici, kampanyaya destek veren herkese te\u015fekk\u00fcr ederek, Zahide G\u00fc\u00e7l\u00fc Ekici&#8217;nin ad\u0131n\u0131 ya\u015fatmak i\u00e7in \u00e7al\u0131\u015fmalar\u0131n devam edece\u011fini s\u00f6yledi.<br \/>\n\u015eehidin k\u0131z\u0131 Ece Naz Ekici ise &#8220;Mutluyum. Bunlar \u00e7i\u00e7ek a\u00e7\u0131nca meyvelerini yemek istiyorum a\u011fa\u00e7lar\u0131n. Baya\u011f\u0131 fidana su verdim. Dola\u015ft\u0131m su vererek geldim&#8221; dedi.<\/p>\n","protected":false},"excerpt":{"rendered":"<p>T\u00fcrk Havac\u0131l\u0131k ve Uzay Sanayii Anonim \u015eirketi&#8217;nin (TUSA\u015e) yerle\u015fkesine d\u00fczenlenen ter\u00f6r sald\u0131r\u0131s\u0131nda \u015fehit olan m\u00fchendis Zahide G\u00fc\u00e7l\u00fc Ekici an\u0131s\u0131na, Bal\u0131kesir \u00dcniversitesi \u00c7a\u011f\u0131\u015f Kamp\u00fcs\u00fc&#8217;ne 1000 fidan dikildi. Fidan dikimi sonras\u0131 pilotluk hayali olan \u015fehidin k\u0131z\u0131 Ece Naz Ekici&#8217;ye sim\u00fclasyon merkezi gezdirildi. T\u00fcrk Havac\u0131l\u0131k ve Uzay Sanayii A.\u015e&#8217;de (TUSA\u015e) g\u00f6rev yaparken ger\u00e7ekle\u015ftirilen hain sald\u0131r\u0131da \u015fehit olan makine [&hellip;]<\/p>\n","protected":false},"author":1,"featured_media":4380,"comment_status":"open","ping_status":"open","sticky":false,"template":"","format":"standard","meta":{"footnotes":""},"categories":[561,988,1,11],"tags":[],"class_list":["post-4379","post","type-post","status-publish","format-standard","has-post-thumbnail","hentry","category-cevre","category-genel","category-gundem","category-manset"],"_links":{"self":[{"href":"https:\/\/balikesirobjektif.com\/index.php\/wp-json\/wp\/v2\/posts\/4379","targetHints":{"allow":["GET"]}}],"collection":[{"href":"https:\/\/balikesirobjektif.com\/index.php\/wp-json\/wp\/v2\/posts"}],"about":[{"href":"https:\/\/balikesirobjektif.com\/index.php\/wp-json\/wp\/v2\/types\/post"}],"author":[{"embeddable":true,"href":"https:\/\/balikesirobjektif.com\/index.php\/wp-json\/wp\/v2\/users\/1"}],"replies":[{"embeddable":true,"href":"https:\/\/balikesirobjektif.com\/index.php\/wp-json\/wp\/v2\/comments?post=4379"}],"version-history":[{"count":1,"href":"https:\/\/balikesirobjektif.com\/index.php\/wp-json\/wp\/v2\/posts\/4379\/revisions"}],"predecessor-version":[{"id":4382,"href":"https:\/\/balikesirobjektif.com\/index.php\/wp-json\/wp\/v2\/posts\/4379\/revisions\/4382"}],"wp:featuredmedia":[{"embeddable":true,"href":"https:\/\/balikesirobjektif.com\/index.php\/wp-json\/wp\/v2\/media\/4380"}],"wp:attachment":[{"href":"https:\/\/balikesirobjektif.com\/index.php\/wp-json\/wp\/v2\/media?parent=4379"}],"wp:term":[{"taxonomy":"category","embeddable":true,"href":"https:\/\/balikesirobjektif.com\/index.php\/wp-json\/wp\/v2\/categories?post=4379"},{"taxonomy":"post_tag","embeddable":true,"href":"https:\/\/balikesirobjektif.com\/index.php\/wp-json\/wp\/v2\/tags?post=4379"}],"curies":[{"name":"wp","href":"https:\/\/api.w.org\/{rel}","templated":true}]}}