{"id":4383,"date":"2026-03-16T10:28:21","date_gmt":"2026-03-16T07:28:21","guid":{"rendered":"https:\/\/balikesirobjektif.com\/?p=4383"},"modified":"2026-03-16T10:28:21","modified_gmt":"2026-03-16T07:28:21","slug":"sut-ureticisine-mujde","status":"publish","type":"post","link":"https:\/\/balikesirobjektif.com\/index.php\/2026\/03\/16\/sut-ureticisine-mujde\/","title":{"rendered":"S\u00fct \u00fcreticisine m\u00fcjde"},"content":{"rendered":"<p>AK Parti Bal\u0131kesir \u0130l Ba\u015fkan\u0131 Mehmet Aydemir, Bal\u0131kesir tar\u0131m ve hayvanc\u0131l\u0131\u011f\u0131na b\u00fcy\u00fck de\u011fer katan dev destek \u00f6demesinin m\u00fcjdesini payla\u015ft\u0131. \u0130l Tar\u0131m ve Orman M\u00fcd\u00fcrl\u00fc\u011f\u00fc&#8217;nce y\u00fcr\u00fct\u00fclen \u00e7al\u0131\u015fmalar sonucunda, toplamda 253 milyon TL. tutar\u0131ndaki destekleme \u00f6demesi \u00fcreticilerin hesaplar\u0131na yat\u0131yor.<br \/>\n\u015eehrin ekonomisine ciddi bir girdi sa\u011flayacak olan \u00f6deme tablosu \u015f\u00f6yle: Temel \u00dcretim Deste\u011fi: 152 milyon TL. ve \u00c7i\u011f S\u00fct Deste\u011fi: 101 milyon TL. olmak \u00fczere 253 milyon TL&#8221;.<br \/>\n\u00dcreticilerin ma\u011fduriyet ya\u015famamas\u0131 ad\u0131na \u00f6demelerin belirli bir d\u00fczen \u00e7er\u00e7evesinde yap\u0131laca\u011f\u0131n\u0131 hat\u0131rlatan Aydemir, &#8220;TCKN son hanesi &#8220;2&#8221; olan ve VKN son hanesi &#8220;1, 3, 5, 7, 9&#8243; olan \u00fcreticilerimiz, \u00f6demelerini hesaplar\u0131nda g\u00f6rebilecekler&#8221; dedi.<br \/>\n&#8220;\u00dcreten Bal\u0131kesir, g\u00fc\u00e7lenen T\u00fcrkiye&#8221;<br \/>\nAK Parti&#8217;nin her zaman \u00fcreticinin en b\u00fcy\u00fck destek\u00e7isi oldu\u011funu vurgulayan Ba\u015fkan Aydemir, h\u00fck\u00fcmetin tar\u0131m ve hayvanc\u0131l\u0131k politikalar\u0131na dair \u015fu \u00f6nemli ifadeleri kulland\u0131:<br \/>\n&#8220;AK Parti olarak, topra\u011f\u0131n\u0131 i\u015fleyen \u00e7ift\u00e7imizi ve al\u0131n teriyle \u00fcretim yapan s\u00fct \u00fcreticimizi T\u00fcrkiye Y\u00fczy\u0131l\u0131&#8217;n\u0131n en stratejik g\u00fcc\u00fc olarak g\u00f6r\u00fcyoruz. Bizim siyasetimizin merkezinde \u00fcretim ve \u00fcreticiye hak etti\u011fi de\u011feri vermek vard\u0131r. D\u00fcn oldu\u011fu gibi bug\u00fcn de devletimizin t\u00fcm imkanlar\u0131n\u0131 seferber ederek, mazotundan g\u00fcbresine, s\u00fct deste\u011finden temel \u00fcretimine kadar her alanda \u00e7ift\u00e7imizin y\u00fck\u00fcn\u00fc hafifletmeye kararl\u0131y\u0131z. Bal\u0131kesir&#8217;imizin bereketli topraklar\u0131, h\u00fck\u00fcmetimizin sa\u011flad\u0131\u011f\u0131 bu g\u00fc\u00e7l\u00fc desteklerle daha da canlanacak; sofram\u0131za gelen her damla s\u00fct ve her ba\u015fak tanesi AK Parti&#8217;nin \u00fcreticiye verdi\u011fi sars\u0131lmaz \u00f6nemin bir ni\u015fanesi olacakt\u0131r.&#8221;<br \/>\nBa\u015fkan Mehmet Aydemir, bu \u00f6nemli destekler i\u00e7in emek harcayan isimlere \u00f6zel bir te\u015fekk\u00fcr mesaj\u0131 yay\u0131mlad\u0131:<br \/>\n&#8220;Bal\u0131kesir&#8217;imizin ihtiya\u00e7lar\u0131na her zaman hassasiyetle yakla\u015fan, s\u00fcrecin ba\u015f\u0131ndan sonuna kadar deste\u011fini esirgemeyen ba\u015fta AK Parti Genel Ba\u015fkan Yard\u0131mc\u0131m\u0131z ve Bal\u0131kesir Milletvekilimiz Belgin Uygur han\u0131mefendiye; k\u0131ymetli milletvekillerimiz \u0130smail Ok, Mustafa Canbey ve Ali Taylan \u00d6ztaylan&#8217;a \u015f\u00fckranlar\u0131m\u0131 sunuyorum. Ayr\u0131ca, sahada bu s\u00fcreci titizlikle takip eden ve koordinasyonu sa\u011flayan \u0130l Tar\u0131m ve Orman M\u00fcd\u00fcr\u00fcm\u00fcz H\u00fcseyin D\u00fczg\u00fcn ve ekibine te\u015fekk\u00fcr ediyorum. Birlik ve beraberlik i\u00e7erisinde Bal\u0131kesir \u00fcreticisi i\u00e7in \u00e7al\u0131\u015fmaya devam edece\u011fiz. Hay\u0131rl\u0131 ve bereketli olsun.&#8221;<\/p>\n","protected":false},"excerpt":{"rendered":"<p>AK Parti Bal\u0131kesir \u0130l Ba\u015fkan\u0131 Mehmet Aydemir, Bal\u0131kesir tar\u0131m ve hayvanc\u0131l\u0131\u011f\u0131na b\u00fcy\u00fck de\u011fer katan dev destek \u00f6demesinin m\u00fcjdesini payla\u015ft\u0131. \u0130l Tar\u0131m ve Orman M\u00fcd\u00fcrl\u00fc\u011f\u00fc&#8217;nce y\u00fcr\u00fct\u00fclen \u00e7al\u0131\u015fmalar sonucunda, toplamda 253 milyon TL. tutar\u0131ndaki destekleme \u00f6demesi \u00fcreticilerin hesaplar\u0131na yat\u0131yor. \u015eehrin ekonomisine ciddi bir girdi sa\u011flayacak olan \u00f6deme tablosu \u015f\u00f6yle: Temel \u00dcretim Deste\u011fi: 152 milyon TL. ve \u00c7i\u011f [&hellip;]<\/p>\n","protected":false},"author":1,"featured_media":4384,"comment_status":"open","ping_status":"open","sticky":false,"template":"","format":"standard","meta":{"footnotes":""},"categories":[7,11,534],"tags":[],"class_list":["post-4383","post","type-post","status-publish","format-standard","has-post-thumbnail","hentry","category-ekonomi","category-manset","category-siyaset"],"_links":{"self":[{"href":"https:\/\/balikesirobjektif.com\/index.php\/wp-json\/wp\/v2\/posts\/4383","targetHints":{"allow":["GET"]}}],"collection":[{"href":"https:\/\/balikesirobjektif.com\/index.php\/wp-json\/wp\/v2\/posts"}],"about":[{"href":"https:\/\/balikesirobjektif.com\/index.php\/wp-json\/wp\/v2\/types\/post"}],"author":[{"embeddable":true,"href":"https:\/\/balikesirobjektif.com\/index.php\/wp-json\/wp\/v2\/users\/1"}],"replies":[{"embeddable":true,"href":"https:\/\/balikesirobjektif.com\/index.php\/wp-json\/wp\/v2\/comments?post=4383"}],"version-history":[{"count":1,"href":"https:\/\/balikesirobjektif.com\/index.php\/wp-json\/wp\/v2\/posts\/4383\/revisions"}],"predecessor-version":[{"id":4385,"href":"https:\/\/balikesirobjektif.com\/index.php\/wp-json\/wp\/v2\/posts\/4383\/revisions\/4385"}],"wp:featuredmedia":[{"embeddable":true,"href":"https:\/\/balikesirobjektif.com\/index.php\/wp-json\/wp\/v2\/media\/4384"}],"wp:attachment":[{"href":"https:\/\/balikesirobjektif.com\/index.php\/wp-json\/wp\/v2\/media?parent=4383"}],"wp:term":[{"taxonomy":"category","embeddable":true,"href":"https:\/\/balikesirobjektif.com\/index.php\/wp-json\/wp\/v2\/categories?post=4383"},{"taxonomy":"post_tag","embeddable":true,"href":"https:\/\/balikesirobjektif.com\/index.php\/wp-json\/wp\/v2\/tags?post=4383"}],"curies":[{"name":"wp","href":"https:\/\/api.w.org\/{rel}","templated":true}]}}