{"id":4386,"date":"2026-03-16T10:33:54","date_gmt":"2026-03-16T07:33:54","guid":{"rendered":"https:\/\/balikesirobjektif.com\/?p=4386"},"modified":"2026-03-16T10:33:54","modified_gmt":"2026-03-16T07:33:54","slug":"balikesirde-arac-sayisi-artiyor","status":"publish","type":"post","link":"https:\/\/balikesirobjektif.com\/index.php\/2026\/03\/16\/balikesirde-arac-sayisi-artiyor\/","title":{"rendered":"Bal\u0131kesir&#8217;de ara\u00e7 say\u0131s\u0131 art\u0131yor"},"content":{"rendered":"<p>T\u00fcrkiye&#8217;de \u015fubat ay\u0131nda 121 bin 791 ta\u015f\u0131t\u0131n trafi\u011fe kayd\u0131 yap\u0131l\u0131rken, Bal\u0131kesir&#8217;de \u015fubat ay\u0131nda trafi\u011fe kay\u0131tl\u0131 ara\u00e7 say\u0131s\u0131 artarak 696 bin 737&#8217;ye ula\u015ft\u0131.<br \/>\nT\u00fcrkiye \u0130statistik Kurumu&#8217;ndan (T\u00dc\u0130K) yap\u0131lan a\u00e7\u0131klamada, Bal\u0131kesir&#8217;de trafi\u011fe kay\u0131tl\u0131 ta\u015f\u0131t say\u0131s\u0131 \u015fubat ay\u0131 sonu itibar\u0131yla artarak 121 bin 791 oldu. T\u00fcrkiye&#8217;de \u015fubat ay\u0131nda trafi\u011fe kayd\u0131 yap\u0131lan ta\u015f\u0131tlar\u0131n y\u00fczde 51,9&#8217;unu otomobil, y\u00fczde 30,3&#8217;\u00fcn\u00fc motosiklet, y\u00fczde 11,7&#8217;sini kamyonet, y\u00fczde 2,5&#8217;ini kamyon, y\u00fczde 1,7&#8217;sini trakt\u00f6r, y\u00fczde 1,1&#8217;ini minib\u00fcs, y\u00fczde 0,7&#8217;sini otob\u00fcs ve y\u00fczde 0,1&#8217;ini \u00f6zel ama\u00e7l\u0131 ta\u015f\u0131tlar olu\u015fturdu.<br \/>\nTrafi\u011fe kayd\u0131 yap\u0131lan ta\u015f\u0131t say\u0131s\u0131 bir \u00f6nceki aya g\u00f6re y\u00fczde 15,8 azald\u0131<br \/>\n\u015eubat ay\u0131nda trafi\u011fe kayd\u0131 yap\u0131lan ta\u015f\u0131t say\u0131s\u0131 bir \u00f6nceki aya g\u00f6re motosiklette y\u00fczde 36,2, trakt\u00f6rde y\u00fczde 13,4 artarken \u00f6zel ama\u00e7l\u0131 ta\u015f\u0131tta y\u00fczde 60,3, kamyonette y\u00fczde 46,3, kamyonda y\u00fczde 37,0, minib\u00fcste y\u00fczde 26,6, otomobilde y\u00fczde 22,1 ve otob\u00fcste y\u00fczde 11,0 azald\u0131\u011f\u0131 a\u00e7\u0131kland\u0131. \u015eubat ay\u0131nda ge\u00e7en y\u0131l\u0131n ayn\u0131 ay\u0131na g\u00f6re trafi\u011fe kayd\u0131 yap\u0131lan ta\u015f\u0131t say\u0131s\u0131 kamyonette y\u00fczde 13,7 artarken trakt\u00f6rde y\u00fczde 54,6, minib\u00fcste y\u00fczde 31,4, \u00f6zel ama\u00e7l\u0131 ta\u015f\u0131tta y\u00fczde 19,5, otob\u00fcste y\u00fczde 19,4, motosiklette y\u00fczde 17,5, otomobilde y\u00fczde 8,1 ve kamyonda y\u00fczde 0,2 azald\u0131.<br \/>\nTrafi\u011fe kay\u0131tl\u0131 toplam ta\u015f\u0131t say\u0131s\u0131 \u015eubat ay\u0131 sonu itibar\u0131yla 33 milyon 869 bin 80 oldu<br \/>\n\u015eubat ay\u0131 sonu itibar\u0131yla trafi\u011fe kay\u0131tl\u0131 ta\u015f\u0131tlar\u0131n y\u00fczde 51,7&#8217;sini otomobil, y\u00fczde 21,2&#8217;sini motosiklet, y\u00fczde 14,6&#8217;s\u0131n\u0131 kamyonet, y\u00fczde 6,9&#8217;unu trakt\u00f6r, y\u00fczde 3,1&#8217;ini kamyon, y\u00fczde 1,6&#8217;s\u0131n\u0131 minib\u00fcs, y\u00fczde 0,6&#8217;s\u0131n\u0131 otob\u00fcs ve y\u00fczde 0,3&#8217;\u00fcn\u00fc \u00f6zel ama\u00e7l\u0131 ta\u015f\u0131tlar olu\u015fturdu.<\/p>\n","protected":false},"excerpt":{"rendered":"<p>T\u00fcrkiye&#8217;de \u015fubat ay\u0131nda 121 bin 791 ta\u015f\u0131t\u0131n trafi\u011fe kayd\u0131 yap\u0131l\u0131rken, Bal\u0131kesir&#8217;de \u015fubat ay\u0131nda trafi\u011fe kay\u0131tl\u0131 ara\u00e7 say\u0131s\u0131 artarak 696 bin 737&#8217;ye ula\u015ft\u0131. T\u00fcrkiye \u0130statistik Kurumu&#8217;ndan (T\u00dc\u0130K) yap\u0131lan a\u00e7\u0131klamada, Bal\u0131kesir&#8217;de trafi\u011fe kay\u0131tl\u0131 ta\u015f\u0131t say\u0131s\u0131 \u015fubat ay\u0131 sonu itibar\u0131yla artarak 121 bin 791 oldu. T\u00fcrkiye&#8217;de \u015fubat ay\u0131nda trafi\u011fe kayd\u0131 yap\u0131lan ta\u015f\u0131tlar\u0131n y\u00fczde 51,9&#8217;unu otomobil, y\u00fczde 30,3&#8217;\u00fcn\u00fc motosiklet, [&hellip;]<\/p>\n","protected":false},"author":1,"featured_media":4387,"comment_status":"open","ping_status":"open","sticky":false,"template":"","format":"standard","meta":{"footnotes":""},"categories":[988,1,11],"tags":[],"class_list":["post-4386","post","type-post","status-publish","format-standard","has-post-thumbnail","hentry","category-genel","category-gundem","category-manset"],"_links":{"self":[{"href":"https:\/\/balikesirobjektif.com\/index.php\/wp-json\/wp\/v2\/posts\/4386","targetHints":{"allow":["GET"]}}],"collection":[{"href":"https:\/\/balikesirobjektif.com\/index.php\/wp-json\/wp\/v2\/posts"}],"about":[{"href":"https:\/\/balikesirobjektif.com\/index.php\/wp-json\/wp\/v2\/types\/post"}],"author":[{"embeddable":true,"href":"https:\/\/balikesirobjektif.com\/index.php\/wp-json\/wp\/v2\/users\/1"}],"replies":[{"embeddable":true,"href":"https:\/\/balikesirobjektif.com\/index.php\/wp-json\/wp\/v2\/comments?post=4386"}],"version-history":[{"count":1,"href":"https:\/\/balikesirobjektif.com\/index.php\/wp-json\/wp\/v2\/posts\/4386\/revisions"}],"predecessor-version":[{"id":4388,"href":"https:\/\/balikesirobjektif.com\/index.php\/wp-json\/wp\/v2\/posts\/4386\/revisions\/4388"}],"wp:featuredmedia":[{"embeddable":true,"href":"https:\/\/balikesirobjektif.com\/index.php\/wp-json\/wp\/v2\/media\/4387"}],"wp:attachment":[{"href":"https:\/\/balikesirobjektif.com\/index.php\/wp-json\/wp\/v2\/media?parent=4386"}],"wp:term":[{"taxonomy":"category","embeddable":true,"href":"https:\/\/balikesirobjektif.com\/index.php\/wp-json\/wp\/v2\/categories?post=4386"},{"taxonomy":"post_tag","embeddable":true,"href":"https:\/\/balikesirobjektif.com\/index.php\/wp-json\/wp\/v2\/tags?post=4386"}],"curies":[{"name":"wp","href":"https:\/\/api.w.org\/{rel}","templated":true}]}}