{"id":4389,"date":"2026-03-16T10:36:00","date_gmt":"2026-03-16T07:36:00","guid":{"rendered":"https:\/\/balikesirobjektif.com\/?p=4389"},"modified":"2026-03-16T10:36:00","modified_gmt":"2026-03-16T07:36:00","slug":"edremit-otellerinde-bayrama-hazir","status":"publish","type":"post","link":"https:\/\/balikesirobjektif.com\/index.php\/2026\/03\/16\/edremit-otellerinde-bayrama-hazir\/","title":{"rendered":"Edremit otellerinde bayrama haz\u0131r"},"content":{"rendered":"<p>Edremit Belediye Ba\u015fkan\u0131 Mehmet Erta\u015f, okullar\u0131n ara tatili ile Ramazan Bayram\u0131 tatilinin birle\u015fmesi nedeniyle il\u00e7ede yo\u011funluk beklendi\u011fini belirterek, Edremit Belediyesi olarak t\u00fcm haz\u0131rl\u0131klar\u0131n tamamland\u0131\u011f\u0131n\u0131 ve tatil i\u00e7in gelecek misafirleri il\u00e7eye davet ettiklerini s\u00f6yledi.<br \/>\nEdremit Belediye Ba\u015fkan\u0131 Mehmet Erta\u015f, yapt\u0131\u011f\u0131 a\u00e7\u0131klamada ara tatilin ba\u015flamas\u0131yla birlikte Ramazan Bayram\u0131 tatilinin de eklenmesi nedeniyle il\u00e7eye \u00f6nemli say\u0131da ziyaret\u00e7i beklediklerini ifade etti. Erta\u015f, Edremit Belediyesi olarak yakla\u015f\u0131k 15-20 g\u00fcn \u00f6ncesinden haz\u0131rl\u0131klara ba\u015flad\u0131klar\u0131n\u0131 belirterek, k\u0131\u015f mevsiminin ard\u0131ndan vatanda\u015flar\u0131n tatil i\u00e7in sahil b\u00f6lgelerini tercih etti\u011fini dile getirdi.<br \/>\nBa\u015fkan Mehmet Erta\u015f a\u00e7\u0131klamas\u0131nda, &#8220;\u0130nsanlar k\u0131\u015ftan \u00e7\u0131kt\u0131lar, ya\u011fmurlar ve so\u011fuklar geride kald\u0131. Buna ra\u011fmen ya\u015fanan baz\u0131 olumsuzluklar ve sava\u015f krizi gibi geli\u015fmeler var. Ancak biz Edremit Belediyesi olarak t\u00fcm misafirlerimizi en iyi \u015fekilde a\u011f\u0131rlamak i\u00e7in haz\u0131rl\u0131klar\u0131m\u0131z\u0131 yapt\u0131k. Ege&#8217;nin incisi, \u015firin Edremit&#8217;imizde misafirlerimizi a\u011f\u0131rlamaya haz\u0131r\u0131z&#8221; dedi.<br \/>\n\u0130l\u00e7edeki konaklama tesislerinde doluluk oranlar\u0131n\u0131n olduk\u00e7a y\u00fcksek oldu\u011funu belirten Erta\u015f, &#8220;Otellerimizde ciddi bir doluluk var. Neredeyse y\u00fczde y\u00fcze ula\u015fm\u0131\u015f bir doluluk s\u00f6z konusu. B\u00f6lgemiz Alt\u0131noluk, G\u00fcre, Ak\u00e7ay ve Alt\u0131nkum gibi turizm merkezleriyle \u00f6nemli bir \u00e7ekim noktas\u0131. Biz de bu \u00e7ekim merkezinde gelen misafirlerimizi en iyi \u015fekilde a\u011f\u0131rlamak i\u00e7in t\u00fcm haz\u0131rl\u0131klar\u0131m\u0131z\u0131 yapt\u0131k&#8221; ifadelerini kulland\u0131.<br \/>\nBa\u015fkan Erta\u015f, ara tatil ve Ramazan Bayram\u0131 tatilini f\u0131rsat bilen vatanda\u015flar\u0131 Edremit&#8217;e davet ederek, &#8220;T\u00fcm hem\u015fehrilerimizi Edremit&#8217;imize bekliyoruz. Bu ara tatili ve bayram\u0131 f\u0131rsat bilip gelip burada misafirimiz olmalar\u0131n\u0131 istiyoruz&#8221; diye konu\u015ftu.<\/p>\n","protected":false},"excerpt":{"rendered":"<p>Edremit Belediye Ba\u015fkan\u0131 Mehmet Erta\u015f, okullar\u0131n ara tatili ile Ramazan Bayram\u0131 tatilinin birle\u015fmesi nedeniyle il\u00e7ede yo\u011funluk beklendi\u011fini belirterek, Edremit Belediyesi olarak t\u00fcm haz\u0131rl\u0131klar\u0131n tamamland\u0131\u011f\u0131n\u0131 ve tatil i\u00e7in gelecek misafirleri il\u00e7eye davet ettiklerini s\u00f6yledi. Edremit Belediye Ba\u015fkan\u0131 Mehmet Erta\u015f, yapt\u0131\u011f\u0131 a\u00e7\u0131klamada ara tatilin ba\u015flamas\u0131yla birlikte Ramazan Bayram\u0131 tatilinin de eklenmesi nedeniyle il\u00e7eye \u00f6nemli say\u0131da ziyaret\u00e7i beklediklerini [&hellip;]<\/p>\n","protected":false},"author":1,"featured_media":4390,"comment_status":"open","ping_status":"open","sticky":false,"template":"","format":"standard","meta":{"footnotes":""},"categories":[7,1,674,11],"tags":[],"class_list":["post-4389","post","type-post","status-publish","format-standard","has-post-thumbnail","hentry","category-ekonomi","category-gundem","category-magazin","category-manset"],"_links":{"self":[{"href":"https:\/\/balikesirobjektif.com\/index.php\/wp-json\/wp\/v2\/posts\/4389","targetHints":{"allow":["GET"]}}],"collection":[{"href":"https:\/\/balikesirobjektif.com\/index.php\/wp-json\/wp\/v2\/posts"}],"about":[{"href":"https:\/\/balikesirobjektif.com\/index.php\/wp-json\/wp\/v2\/types\/post"}],"author":[{"embeddable":true,"href":"https:\/\/balikesirobjektif.com\/index.php\/wp-json\/wp\/v2\/users\/1"}],"replies":[{"embeddable":true,"href":"https:\/\/balikesirobjektif.com\/index.php\/wp-json\/wp\/v2\/comments?post=4389"}],"version-history":[{"count":1,"href":"https:\/\/balikesirobjektif.com\/index.php\/wp-json\/wp\/v2\/posts\/4389\/revisions"}],"predecessor-version":[{"id":4391,"href":"https:\/\/balikesirobjektif.com\/index.php\/wp-json\/wp\/v2\/posts\/4389\/revisions\/4391"}],"wp:featuredmedia":[{"embeddable":true,"href":"https:\/\/balikesirobjektif.com\/index.php\/wp-json\/wp\/v2\/media\/4390"}],"wp:attachment":[{"href":"https:\/\/balikesirobjektif.com\/index.php\/wp-json\/wp\/v2\/media?parent=4389"}],"wp:term":[{"taxonomy":"category","embeddable":true,"href":"https:\/\/balikesirobjektif.com\/index.php\/wp-json\/wp\/v2\/categories?post=4389"},{"taxonomy":"post_tag","embeddable":true,"href":"https:\/\/balikesirobjektif.com\/index.php\/wp-json\/wp\/v2\/tags?post=4389"}],"curies":[{"name":"wp","href":"https:\/\/api.w.org\/{rel}","templated":true}]}}