{"id":4392,"date":"2026-03-16T10:51:45","date_gmt":"2026-03-16T07:51:45","guid":{"rendered":"https:\/\/balikesirobjektif.com\/?p=4392"},"modified":"2026-03-16T10:51:45","modified_gmt":"2026-03-16T07:51:45","slug":"ciftciye-can-suyu","status":"publish","type":"post","link":"https:\/\/balikesirobjektif.com\/index.php\/2026\/03\/16\/ciftciye-can-suyu\/","title":{"rendered":"\u00c7ift\u00e7iye can suyu"},"content":{"rendered":"<p><a class=\"tagged\" href=\"https:\/\/www.kapsulhaberajansi.com\/haberleri\/izmir\">\u0130zmir<\/a>\u00a0<a class=\"tagged\" href=\"https:\/\/www.kapsulhaberajansi.com\/haberleri\/buyuksehir\">B\u00fcy\u00fck\u015fehir<\/a>\u00a0Belediye Ba\u015fkan\u0131 Dr.\u00a0<a class=\"tagged\" href=\"https:\/\/www.kapsulhaberajansi.com\/haberleri\/cemil\">Cemil<\/a>\u00a0<a class=\"tagged\" href=\"https:\/\/www.kapsulhaberajansi.com\/haberleri\/tugay\">Tugay\u2019\u0131n<\/a>\u00a0k\u0131rsal\u0131, tar\u0131mdan sosyal ya\u015fama g\u00fc\u00e7lendirme hedefi do\u011frultusunda Tar\u0131msal\u00a0<a class=\"tagged\" href=\"https:\/\/www.kapsulhaberajansi.com\/haberleri\/hizmetler\">Hizmetler<\/a>\u00a0<a class=\"tagged\" href=\"https:\/\/www.kapsulhaberajansi.com\/haberleri\/dairesi\">Dairesi<\/a>,\u00a0<a class=\"tagged\" href=\"https:\/\/www.kapsulhaberajansi.com\/haberleri\/kirsal\">K\u0131rsal<\/a>\u00a0<a class=\"tagged\" href=\"https:\/\/www.kapsulhaberajansi.com\/haberleri\/hizmetler\">Hizmetler<\/a>\u00a0<a class=\"tagged\" href=\"https:\/\/www.kapsulhaberajansi.com\/haberleri\/dairesi\">Dairesi<\/a>\u00a0ve \u0130ZTARIM A\u015e kapsaml\u0131\u00a0<a class=\"tagged\" href=\"https:\/\/www.kapsulhaberajansi.com\/haberleri\/calismalar\">\u00e7al\u0131\u015fmalar<\/a>\u00a0y\u00fcr\u00fctt\u00fc. T\u00fcm birimler ve akademisyenlerin kat\u0131l\u0131m\u0131yla\u00a0<a class=\"tagged\" href=\"https:\/\/www.kapsulhaberajansi.com\/haberleri\/kirsal\">K\u0131rsal<\/a>\u00a0\u00c7al\u0131\u015fma Grubu kuruldu. \u00dcreticiler artan girdi maliyetlerine kar\u015f\u0131 desteklenirken, k\u0131rsalda ya\u015fam ko\u015fullar\u0131n\u0131 iyile\u015ftirmeye y\u00f6nelik projeler de\u00a0<a class=\"tagged\" href=\"https:\/\/www.kapsulhaberajansi.com\/haberleri\/hayata\">hayata<\/a>\u00a0ge\u00e7irildi.<\/p>\n<p><a class=\"tagged\" href=\"https:\/\/www.kapsulhaberajansi.com\/haberleri\/ciftciye\">\u00c7ift\u00e7iye<\/a>\u00a0destekler katlan\u0131yor<\/p>\n<p>\u0130ki y\u0131lda kooperatifler arac\u0131l\u0131\u011f\u0131yla \u00fcreticilere 694\u00a0<a class=\"tagged\" href=\"https:\/\/www.kapsulhaberajansi.com\/haberleri\/milyon\">milyon<\/a>\u00a0lira destek\u00a0<a class=\"tagged\" href=\"https:\/\/www.kapsulhaberajansi.com\/haberleri\/saglandi\">sa\u011fland\u0131<\/a>.\u00a0<a class=\"tagged\" href=\"https:\/\/www.kapsulhaberajansi.com\/haberleri\/fide\">Fide<\/a>, ekipman, hastal\u0131klarla\u00a0<a class=\"tagged\" href=\"https:\/\/www.kapsulhaberajansi.com\/haberleri\/mucadele\">m\u00fccadele<\/a>\u00a0ve katma de\u011feri art\u0131ran projelerle\u00a0<a class=\"tagged\" href=\"https:\/\/www.kapsulhaberajansi.com\/haberleri\/ciftciye\">\u00e7ift\u00e7iye<\/a>\u00a0\u00fcretimin her a\u015famas\u0131nda destek verildi. Ba\u015fkan Dr.\u00a0<a class=\"tagged\" href=\"https:\/\/www.kapsulhaberajansi.com\/haberleri\/cemil\">Cemil<\/a>\u00a0<a class=\"tagged\" href=\"https:\/\/www.kapsulhaberajansi.com\/haberleri\/tugay\">Tugay\u2019\u0131n<\/a>\u00a0kat\u0131l\u0131m\u0131yla kooperatiflerle yap\u0131lan toplant\u0131larda \u00fcreticilerin ihtiya\u00e7lar\u0131 belirlenerek noktasal destekler\u00a0<a class=\"tagged\" href=\"https:\/\/www.kapsulhaberajansi.com\/haberleri\/saglandi\">sa\u011fland\u0131<\/a>. Planlama s\u00fcrecinin ard\u0131ndan\u00a0<a class=\"tagged\" href=\"https:\/\/www.kapsulhaberajansi.com\/haberleri\/izmir\">\u0130zmir<\/a>\u00a0<a class=\"tagged\" href=\"https:\/\/www.kapsulhaberajansi.com\/haberleri\/buyuksehir\">B\u00fcy\u00fck\u015fehir<\/a>\u00a0<a class=\"tagged\" href=\"https:\/\/www.kapsulhaberajansi.com\/haberleri\/belediyesi\">Belediyesi<\/a>\u00a02026 y\u0131l\u0131 b\u00fct\u00e7esini 1 milyar 400\u00a0<a class=\"tagged\" href=\"https:\/\/www.kapsulhaberajansi.com\/haberleri\/milyon\">milyon<\/a>\u00a0liraya \u00e7\u0131kard\u0131.<\/p>\n<p>Tarladaki mahsul\u00fcn kalitesi art\u0131r\u0131l\u0131yor<\/p>\n<p>Tar\u0131msal \u00fcretimde kalitenin art\u0131r\u0131lmas\u0131 i\u00e7in \u00f6zel \u00e7al\u0131\u015fma ba\u015flat\u0131ld\u0131. \u00dcreticiye 200\u00a0<a class=\"tagged\" href=\"https:\/\/www.kapsulhaberajansi.com\/haberleri\/adet\">adet<\/a>\u00a0zeytin kasas\u0131, 1034\u00a0<a class=\"tagged\" href=\"https:\/\/www.kapsulhaberajansi.com\/haberleri\/adet\">adet<\/a>\u00a0incir kurutma kasas\u0131 (kerevet) da\u011f\u0131t\u0131ld\u0131. Zeytinde halkal\u0131 leke hastal\u0131\u011f\u0131na kar\u015f\u0131 10\u00a0<a class=\"tagged\" href=\"https:\/\/www.kapsulhaberajansi.com\/haberleri\/ton\">ton<\/a>\u00a0bordo bulamac\u0131, kestane kanseriyle\u00a0<a class=\"tagged\" href=\"https:\/\/www.kapsulhaberajansi.com\/haberleri\/mucadele\">m\u00fccadele<\/a>\u00a0<a class=\"tagged\" href=\"https:\/\/www.kapsulhaberajansi.com\/haberleri\/kapsaminda\">kapsam\u0131nda<\/a>\u00a01641 kilogram g\u00f6zta\u015f\u0131, 4\u00a0<a class=\"tagged\" href=\"https:\/\/www.kapsulhaberajansi.com\/haberleri\/bin\">bin<\/a>\u00a0litre ard\u0131\u00e7 katran\u0131, 5\u00a0<a class=\"tagged\" href=\"https:\/\/www.kapsulhaberajansi.com\/haberleri\/bin\">bin<\/a>\u00a0litre \u00e7ama\u015f\u0131r\u00a0<a class=\"tagged\" href=\"https:\/\/www.kapsulhaberajansi.com\/haberleri\/suyu\">suyu<\/a>, Akdeniz meyve sine\u011fiyle\u00a0<a class=\"tagged\" href=\"https:\/\/www.kapsulhaberajansi.com\/haberleri\/mucadele\">m\u00fccadele<\/a>\u00a0<a class=\"tagged\" href=\"https:\/\/www.kapsulhaberajansi.com\/haberleri\/kapsaminda\">kapsam\u0131nda<\/a>\u00a03\u00a0<a class=\"tagged\" href=\"https:\/\/www.kapsulhaberajansi.com\/haberleri\/bin\">bin<\/a>\u00a0360\u00a0<a class=\"tagged\" href=\"https:\/\/www.kapsulhaberajansi.com\/haberleri\/adet\">adet<\/a>\u00a0tuzak ve feromonu, incirde ek\u015filik b\u00f6ce\u011fine kar\u015f\u0131 4\u00a0<a class=\"tagged\" href=\"https:\/\/www.kapsulhaberajansi.com\/haberleri\/bin\">bin<\/a>\u00a0500\u00a0<a class=\"tagged\" href=\"https:\/\/www.kapsulhaberajansi.com\/haberleri\/adet\">adet<\/a>\u00a0\u00e7ekici yem tuza\u011f\u0131 deste\u011finde bulunuldu. 11\u00a0<a class=\"tagged\" href=\"https:\/\/www.kapsulhaberajansi.com\/haberleri\/bin\">bin<\/a>\u00a0792\u00a0<a class=\"tagged\" href=\"https:\/\/www.kapsulhaberajansi.com\/haberleri\/adet\">adet<\/a>\u00a0yabani a\u011fa\u00e7 a\u015f\u0131lama \u2013 g\u00f6zya\u015f\u0131\u00a0<a class=\"tagged\" href=\"https:\/\/www.kapsulhaberajansi.com\/haberleri\/destegi\">deste\u011fi<\/a>\u00a0verildi. Do\u011fru \u00fcr\u00fcn ekimi i\u00e7in 1000\u2019in \u00fczerinde \u00fccretsiz toprak analizi yap\u0131ld\u0131.<\/p>\n<p>250 fidan, 179\u00a0<a class=\"tagged\" href=\"https:\/\/www.kapsulhaberajansi.com\/haberleri\/bin\">bin<\/a>\u00a0<a class=\"tagged\" href=\"https:\/\/www.kapsulhaberajansi.com\/haberleri\/fide\">fide<\/a>\u00a0ve 20\u00a0<a class=\"tagged\" href=\"https:\/\/www.kapsulhaberajansi.com\/haberleri\/bin\">bin<\/a>\u00a0paket tohum\u00a0<a class=\"tagged\" href=\"https:\/\/www.kapsulhaberajansi.com\/haberleri\/destegi\">deste\u011fi<\/a><\/p>\n<p>Havzalar\u0131n do\u011fal yap\u0131s\u0131na\u00a0<a class=\"tagged\" href=\"https:\/\/www.kapsulhaberajansi.com\/haberleri\/uygun\">uygun<\/a>\u00a0olarak t\u0131bbi aromatik bitkilerden meyveye, katma de\u011feri y\u00fcksek \u00fcr\u00fcnlerden atal\u0131k tohumlara kadar\u00a0<a class=\"tagged\" href=\"https:\/\/www.kapsulhaberajansi.com\/haberleri\/fide\">fide<\/a>\u00a0ve tohum deste\u011finde bulunuldu. 291\u00a0<a class=\"tagged\" href=\"https:\/\/www.kapsulhaberajansi.com\/haberleri\/bin\">bin<\/a>\u00a0<a class=\"tagged\" href=\"https:\/\/www.kapsulhaberajansi.com\/haberleri\/adet\">adet<\/a>\u00a0fidan, 179\u00a0<a class=\"tagged\" href=\"https:\/\/www.kapsulhaberajansi.com\/haberleri\/bin\">bin<\/a>\u00a0<a class=\"tagged\" href=\"https:\/\/www.kapsulhaberajansi.com\/haberleri\/fide\">fide<\/a>\u00a0ve 20\u00a0<a class=\"tagged\" href=\"https:\/\/www.kapsulhaberajansi.com\/haberleri\/bin\">bin<\/a>\u00a0paket tohum da\u011f\u0131t\u0131ld\u0131.\u00a0<a class=\"tagged\" href=\"https:\/\/www.kapsulhaberajansi.com\/haberleri\/izmir\">\u0130zmir<\/a>\u00a0<a class=\"tagged\" href=\"https:\/\/www.kapsulhaberajansi.com\/haberleri\/buyuksehir\">B\u00fcy\u00fck\u015fehir<\/a>\u00a0<a class=\"tagged\" href=\"https:\/\/www.kapsulhaberajansi.com\/haberleri\/belediyesi\">Belediyesi\u2019nin<\/a>\u00a0ziraat m\u00fchendisleri, yeni t\u00fcrlerin ekimi, dikimi ve hasad\u0131 hakk\u0131nda \u00e7ift\u00e7ilere e\u011fitimler verdi.<\/p>\n<p>Dikili\u2019nin su devrimi\u00a0<a class=\"tagged\" href=\"https:\/\/www.kapsulhaberajansi.com\/haberleri\/hayata\">hayata<\/a>\u00a0ge\u00e7ti<\/p>\n<p><a class=\"tagged\" href=\"https:\/\/www.kapsulhaberajansi.com\/haberleri\/izmir\">\u0130zmir<\/a>\u00a0<a class=\"tagged\" href=\"https:\/\/www.kapsulhaberajansi.com\/haberleri\/buyuksehir\">B\u00fcy\u00fck\u015fehir<\/a>\u00a0<a class=\"tagged\" href=\"https:\/\/www.kapsulhaberajansi.com\/haberleri\/belediyesi\">Belediyesi\u2019nin<\/a>\u00a0kurakl\u0131kla\u00a0<a class=\"tagged\" href=\"https:\/\/www.kapsulhaberajansi.com\/haberleri\/mucadele\">m\u00fccadele<\/a>\u00a0<a class=\"tagged\" href=\"https:\/\/www.kapsulhaberajansi.com\/haberleri\/kapsaminda\">kapsam\u0131nda<\/a>\u00a0<a class=\"tagged\" href=\"https:\/\/www.kapsulhaberajansi.com\/haberleri\/hayata\">hayata<\/a>\u00a0ge\u00e7irdi\u011fi Yah\u015fibey\u00a0<a class=\"tagged\" href=\"https:\/\/www.kapsulhaberajansi.com\/haberleri\/sulama\">Sulama<\/a>\u00a0G\u00f6leti \u0130letim Hatt\u0131 Projesi tamamland\u0131. 85\u00a0<a class=\"tagged\" href=\"https:\/\/www.kapsulhaberajansi.com\/haberleri\/milyon\">milyon<\/a>\u00a0liral\u0131k yat\u0131r\u0131mla\u00a0<a class=\"tagged\" href=\"https:\/\/www.kapsulhaberajansi.com\/haberleri\/hayata\">hayata<\/a>\u00a0ge\u00e7irilen proje, Dikili ve \u00e7evresindeki 545\u00a0<a class=\"tagged\" href=\"https:\/\/www.kapsulhaberajansi.com\/haberleri\/ciftciye\">\u00e7ift\u00e7iye<\/a>\u00a0<a class=\"tagged\" href=\"https:\/\/www.kapsulhaberajansi.com\/haberleri\/can\">can<\/a>\u00a0<a class=\"tagged\" href=\"https:\/\/www.kapsulhaberajansi.com\/haberleri\/suyu\">suyu<\/a>\u00a0oldu. Y\u00fcksek bas\u0131n\u00e7l\u0131 damla\u00a0<a class=\"tagged\" href=\"https:\/\/www.kapsulhaberajansi.com\/haberleri\/sulama\">sulama<\/a>\u00a0sistemiyle y\u00fczde 50 su tasarrufu sa\u011flayan 62 kilometrelik hat, Yah\u015fibey, Bademli ve Denizk\u00f6y ba\u015fta olmak \u00fczere 8\u00a0<a class=\"tagged\" href=\"https:\/\/www.kapsulhaberajansi.com\/haberleri\/bin\">bin<\/a>\u00a0600 dekar tar\u0131m arazisinin sulanmas\u0131na imkan tan\u0131yor. \u00d6n \u00f6demeli ak\u0131ll\u0131 saya\u00e7larla su israf\u0131n\u0131n da \u00f6n\u00fcne ge\u00e7iliyor.<\/p>\n<p><a class=\"tagged\" href=\"https:\/\/www.kapsulhaberajansi.com\/haberleri\/organik\">Organik<\/a>\u00a0at\u0131klar evde boka\u015fi ile komposta d\u00f6n\u00fc\u015f\u00fcyor<\/p>\n<p><a class=\"tagged\" href=\"https:\/\/www.kapsulhaberajansi.com\/haberleri\/organik\">Organik<\/a>\u00a0at\u0131klar\u0131n de\u011ferlendirilmesi i\u00e7in evlere \u00fccretsiz boka\u015fi kompost seti da\u011f\u0131t\u0131m\u0131 ba\u015flat\u0131ld\u0131. Proje\u00a0<a class=\"tagged\" href=\"https:\/\/www.kapsulhaberajansi.com\/haberleri\/kapsaminda\">kapsam\u0131nda<\/a>\u00a0evsel\u00a0<a class=\"tagged\" href=\"https:\/\/www.kapsulhaberajansi.com\/haberleri\/organik\">organik<\/a>\u00a0at\u0131klar, \u00f6zel kovalar ve yararl\u0131 mikroorganizmalarla az oksijenli ortamda fermente edilerek komposta d\u00f6n\u00fc\u015ft\u00fcr\u00fcl\u00fcyor. B\u00f6ylece\u00a0<a class=\"tagged\" href=\"https:\/\/www.kapsulhaberajansi.com\/haberleri\/organik\">organik<\/a>\u00a0at\u0131klar\u0131n \u00e7\u00f6p sahalar\u0131na gitmesi \u00f6nlenirken sera gaz\u0131 sal\u0131m\u0131n\u0131n azalt\u0131lmas\u0131 ve topra\u011f\u0131n zenginle\u015ftirilmesi hedefleniyor.<\/p>\n<p>14 yeni hayvan i\u00e7me\u00a0<a class=\"tagged\" href=\"https:\/\/www.kapsulhaberajansi.com\/haberleri\/suyu\">suyu<\/a>\u00a0g\u00f6leti<\/p>\n<p>Yaz\u0131n orman yang\u0131nlar\u0131na da\u00a0<a class=\"tagged\" href=\"https:\/\/www.kapsulhaberajansi.com\/haberleri\/can\">can<\/a>\u00a0<a class=\"tagged\" href=\"https:\/\/www.kapsulhaberajansi.com\/haberleri\/suyu\">suyu<\/a>\u00a0olan 14 yeni hayvan i\u00e7me\u00a0<a class=\"tagged\" href=\"https:\/\/www.kapsulhaberajansi.com\/haberleri\/suyu\">suyu<\/a>\u00a0g\u00f6leti a\u00e7\u0131ld\u0131. 31 g\u00f6letin bak\u0131m ve onar\u0131m\u0131 tamamland\u0131. 13\u00a0<a class=\"tagged\" href=\"https:\/\/www.kapsulhaberajansi.com\/haberleri\/sulama\">sulama<\/a>\u00a0tesisinin bak\u0131m ve onar\u0131m\u0131 yap\u0131ld\u0131. 8\u00a0<a class=\"tagged\" href=\"https:\/\/www.kapsulhaberajansi.com\/haberleri\/sulama\">sulama<\/a>\u00a0g\u00f6letinin bak\u0131m ve onar\u0131m\u0131 tamamlanarak kente 4 yeni su kuyusu kazand\u0131r\u0131ld\u0131. 9 kooperatife de\u00a0<a class=\"tagged\" href=\"https:\/\/www.kapsulhaberajansi.com\/haberleri\/sulama\">sulama<\/a>\u00a0tesisi ve su kuyusu sondaj\u0131 i\u00e7in ekipman\u00a0<a class=\"tagged\" href=\"https:\/\/www.kapsulhaberajansi.com\/haberleri\/destegi\">deste\u011fi<\/a>\u00a0<a class=\"tagged\" href=\"https:\/\/www.kapsulhaberajansi.com\/haberleri\/saglandi\">sa\u011fland\u0131<\/a>.<\/p>\n<p>\u015eap hastal\u0131\u011f\u0131na kar\u015f\u0131 buza\u011f\u0131 kiti<\/p>\n<p><a class=\"tagged\" href=\"https:\/\/www.kapsulhaberajansi.com\/haberleri\/izmir\">\u0130zmir<\/a>\u00a0<a class=\"tagged\" href=\"https:\/\/www.kapsulhaberajansi.com\/haberleri\/buyuksehir\">B\u00fcy\u00fck\u015fehir<\/a>\u00a0<a class=\"tagged\" href=\"https:\/\/www.kapsulhaberajansi.com\/haberleri\/belediyesi\">Belediyesi<\/a>, yakla\u015f\u0131k 1\u00a0<a class=\"tagged\" href=\"https:\/\/www.kapsulhaberajansi.com\/haberleri\/milyon\">milyon<\/a>\u00a0b\u00fcy\u00fckba\u015f hayvan varl\u0131\u011f\u0131yla \u00f6ne \u00e7\u0131kan kentte \u015fap hastal\u0131\u011f\u0131 ve artan buza\u011f\u0131 \u00f6l\u00fcmlerine kar\u015f\u0131 harekete ge\u00e7ti. B\u00fcy\u00fckba\u015f hayvanc\u0131l\u0131\u011f\u0131n yo\u011fun oldu\u011fu 14 il\u00e7ede \u00fcreticilere dezenfektan ve buza\u011f\u0131 kiti\u00a0<a class=\"tagged\" href=\"https:\/\/www.kapsulhaberajansi.com\/haberleri\/destegi\">deste\u011fi<\/a>\u00a0sa\u011flanarak \u00f6zellikle gen\u00e7 hayvanlar\u0131 tehdit eden hastal\u0131klara kar\u015f\u0131 \u00f6nlem al\u0131nd\u0131.<\/p>\n<p>Bal\u0131k\u00e7\u0131lar\u0131n girdi maliyetlerine\u00a0<a class=\"tagged\" href=\"https:\/\/www.kapsulhaberajansi.com\/haberleri\/can\">can<\/a>\u00a0<a class=\"tagged\" href=\"https:\/\/www.kapsulhaberajansi.com\/haberleri\/suyu\">suyu<\/a><\/p>\n<p>K\u00fc\u00e7\u00fck \u00f6l\u00e7ekli bal\u0131k\u00e7\u0131lar\u0131n \u00e7al\u0131\u015fma ko\u015fullar\u0131n\u0131 iyile\u015ftirmek i\u00e7in tekne bak\u0131m malzemesi destekleri s\u00fcrd\u00fcr\u00fcld\u00fc. 752 bal\u0131k\u00e7\u0131ya kooperatifler arac\u0131l\u0131\u011f\u0131yla boya ve macun\u00a0<a class=\"tagged\" href=\"https:\/\/www.kapsulhaberajansi.com\/haberleri\/destegi\">deste\u011fi<\/a>\u00a0<a class=\"tagged\" href=\"https:\/\/www.kapsulhaberajansi.com\/haberleri\/saglandi\">sa\u011fland\u0131<\/a>. 3 kooperatife yaprak buz makinesi\u00a0<a class=\"tagged\" href=\"https:\/\/www.kapsulhaberajansi.com\/haberleri\/destegi\">deste\u011fi<\/a>\u00a0de verildi.<\/p>\n<p><a class=\"tagged\" href=\"https:\/\/www.kapsulhaberajansi.com\/haberleri\/izmir\">\u0130zmir<\/a>\u00a018 yeni\u00a0<a class=\"tagged\" href=\"https:\/\/www.kapsulhaberajansi.com\/haberleri\/organik\">organik<\/a>\u00a0<a class=\"tagged\" href=\"https:\/\/www.kapsulhaberajansi.com\/haberleri\/uretici\">\u00fcretici<\/a>\u00a0kazand\u0131<\/p>\n<p><a class=\"tagged\" href=\"https:\/\/www.kapsulhaberajansi.com\/haberleri\/izmir\">\u0130zmir<\/a>\u00a0<a class=\"tagged\" href=\"https:\/\/www.kapsulhaberajansi.com\/haberleri\/buyuksehir\">B\u00fcy\u00fck\u015fehir<\/a>\u00a0<a class=\"tagged\" href=\"https:\/\/www.kapsulhaberajansi.com\/haberleri\/belediyesi\">Belediyesi\u2019nin<\/a>, Ekolojik Tar\u0131m Organizasyonu Derne\u011fi (ETO) i\u015f birli\u011fiyle, \u0130zmirlileri sa\u011fl\u0131kl\u0131 ve do\u011fal g\u0131dayla bulu\u015fturdu\u011fu \u201cEkopazar \u0130zmir\u201d projesi 15\u2019inci y\u0131l\u0131na ula\u015ft\u0131.\u00a0<a class=\"tagged\" href=\"https:\/\/www.kapsulhaberajansi.com\/haberleri\/organik\">Organik<\/a>\u00a0tar\u0131m\u0131n yayg\u0131nla\u015ft\u0131r\u0131lmas\u0131 \u00e7al\u0131\u015fmalar\u0131\u00a0<a class=\"tagged\" href=\"https:\/\/www.kapsulhaberajansi.com\/haberleri\/kapsaminda\">kapsam\u0131nda<\/a>\u00a0bu y\u0131l 18\u00a0<a class=\"tagged\" href=\"https:\/\/www.kapsulhaberajansi.com\/haberleri\/organik\">organik<\/a>\u00a0<a class=\"tagged\" href=\"https:\/\/www.kapsulhaberajansi.com\/haberleri\/uretici\">\u00fcretici<\/a>\u00a0kente kazand\u0131r\u0131ld\u0131.<\/p>\n<p><a class=\"tagged\" href=\"https:\/\/www.kapsulhaberajansi.com\/haberleri\/izmir\">\u0130zmir<\/a>, tanzim sat\u0131\u015f ma\u011fazas\u0131\u00a0<a class=\"tagged\" href=\"https:\/\/www.kapsulhaberajansi.com\/haberleri\/izmar\">\u0130ZMAR\u2019\u0131<\/a>\u00a0kazand\u0131<\/p>\n<p><a class=\"tagged\" href=\"https:\/\/www.kapsulhaberajansi.com\/haberleri\/izmir\">\u0130zmir<\/a>\u00a0<a class=\"tagged\" href=\"https:\/\/www.kapsulhaberajansi.com\/haberleri\/buyuksehir\">B\u00fcy\u00fck\u015fehir<\/a>\u00a0<a class=\"tagged\" href=\"https:\/\/www.kapsulhaberajansi.com\/haberleri\/belediyesi\">Belediyesi\u2019nin<\/a>\u00a0i\u015ftiraki \u0130ZTARIM A\u015e, yurtta\u015flar\u0131n\u00a0<a class=\"tagged\" href=\"https:\/\/www.kapsulhaberajansi.com\/haberleri\/uygun\">uygun<\/a>\u00a0fiyatl\u0131 ve g\u00fcvenilir temel g\u0131da \u00fcr\u00fcnlerine eri\u015fimini kolayla\u015ft\u0131rmak amac\u0131yla \u00f6nemli ad\u0131mlar att\u0131.\u00a0<a class=\"tagged\" href=\"https:\/\/www.kapsulhaberajansi.com\/haberleri\/izmir\">\u0130zmir<\/a>\u00a0<a class=\"tagged\" href=\"https:\/\/www.kapsulhaberajansi.com\/haberleri\/buyuksehir\">B\u00fcy\u00fck\u015fehir<\/a>\u00a0Belediye Ba\u015fkan\u0131 Dr.\u00a0<a class=\"tagged\" href=\"https:\/\/www.kapsulhaberajansi.com\/haberleri\/cemil\">Cemil<\/a>\u00a0<a class=\"tagged\" href=\"https:\/\/www.kapsulhaberajansi.com\/haberleri\/tugay\">Tugay\u2019\u0131n<\/a>\u00a0\u00f6nc\u00fcl\u00fc\u011f\u00fcnde Nisan 2025\u2019te\u00a0<a class=\"tagged\" href=\"https:\/\/www.kapsulhaberajansi.com\/haberleri\/hayata\">hayata<\/a>\u00a0ge\u00e7irilen tanzim sat\u0131\u015f ma\u011fazalar\u0131\u00a0<a class=\"tagged\" href=\"https:\/\/www.kapsulhaberajansi.com\/haberleri\/izmar\">\u0130ZMAR<\/a>, k\u0131sa s\u00fcrede b\u00fcy\u00fcyerek 19 sabit ma\u011faza ve 1 gezici otob\u00fcsle 20 noktaya ula\u015ft\u0131. Halk\u0131n b\u00fct\u00e7esine katk\u0131 sa\u011flayan\u00a0<a class=\"tagged\" href=\"https:\/\/www.kapsulhaberajansi.com\/haberleri\/izmar\">\u0130ZMAR<\/a>\u00a0a\u011f\u0131n\u0131n Ba\u015fkan\u00a0<a class=\"tagged\" href=\"https:\/\/www.kapsulhaberajansi.com\/haberleri\/tugay\">Tugay\u2019\u0131n<\/a>\u00a0talimat\u0131yla 40 ma\u011fazaya \u00e7\u0131kar\u0131lmas\u0131 i\u00e7in\u00a0<a class=\"tagged\" href=\"https:\/\/www.kapsulhaberajansi.com\/haberleri\/calismalar\">\u00e7al\u0131\u015fmalar<\/a>\u00a0s\u00fcr\u00fcyor.<\/p>\n<p><a class=\"tagged\" href=\"https:\/\/www.kapsulhaberajansi.com\/haberleri\/izmar\">\u0130ZMAR<\/a>\u00a0ma\u011fazalar\u0131nda, yerli \u00fcreticiden temin edilen \u00fcr\u00fcnler do\u011frudan yurtta\u015flarla bulu\u015fturuluyor.\u00a0<a class=\"tagged\" href=\"https:\/\/www.kapsulhaberajansi.com\/haberleri\/izmir\">\u0130zmir<\/a>\u00a0<a class=\"tagged\" href=\"https:\/\/www.kapsulhaberajansi.com\/haberleri\/buyuksehir\">B\u00fcy\u00fck\u015fehir<\/a>\u00a0<a class=\"tagged\" href=\"https:\/\/www.kapsulhaberajansi.com\/haberleri\/belediyesi\">Belediyesi\u2019nin<\/a>\u00a0100. Y\u0131l Bay\u0131nd\u0131r S\u00fct Fabrikas\u0131\u2019nda i\u015fledi\u011fi\u00a0<a class=\"tagged\" href=\"https:\/\/www.kapsulhaberajansi.com\/haberleri\/izmar\">\u0130ZMAR<\/a>\u00a0markal\u0131 180\u00a0<a class=\"tagged\" href=\"https:\/\/www.kapsulhaberajansi.com\/haberleri\/bin\">bin<\/a>\u00a0paket UHT s\u00fct, 230\u00a0<a class=\"tagged\" href=\"https:\/\/www.kapsulhaberajansi.com\/haberleri\/ton\">ton<\/a>\u00a0yo\u011furt, 18\u00a0<a class=\"tagged\" href=\"https:\/\/www.kapsulhaberajansi.com\/haberleri\/ton\">ton<\/a>\u00a0tereya\u011f\u0131, 1,5\u00a0<a class=\"tagged\" href=\"https:\/\/www.kapsulhaberajansi.com\/haberleri\/ton\">ton<\/a>\u00a0taze ka\u015far, 1\u00a0<a class=\"tagged\" href=\"https:\/\/www.kapsulhaberajansi.com\/haberleri\/ton\">ton<\/a>\u00a0taze beyaz peynir ve 6,5\u00a0<a class=\"tagged\" href=\"https:\/\/www.kapsulhaberajansi.com\/haberleri\/ton\">ton<\/a>\u00a0ayran \u0130zmirlinin sofras\u0131na ula\u015ft\u0131. \u00d6demi\u015f Et Entegre Tesisi\u2019nde yerli besiden i\u015flenen 230\u00a0<a class=\"tagged\" href=\"https:\/\/www.kapsulhaberajansi.com\/haberleri\/ton\">ton<\/a>\u00a0k\u0131rm\u0131z\u0131 et ise\u00a0<a class=\"tagged\" href=\"https:\/\/www.kapsulhaberajansi.com\/haberleri\/izmar\">\u0130ZMAR<\/a>\u00a0raflar\u0131nda yo\u011fun ilgi g\u00f6rd\u00fc. B\u00f6ylece \u00fcreticinin eme\u011fi de\u011fere d\u00f6n\u00fc\u015f\u00fcrken, vatanda\u015flar g\u00fcvenli ve\u00a0<a class=\"tagged\" href=\"https:\/\/www.kapsulhaberajansi.com\/haberleri\/uygun\">uygun<\/a>\u00a0fiyatl\u0131 g\u0131dayla bulu\u015ftu. T\u00fcrkiye genelinden 20 kooperatifle yap\u0131lan anla\u015fmalarla\u00a0<a class=\"tagged\" href=\"https:\/\/www.kapsulhaberajansi.com\/haberleri\/uretici\">\u00fcretici<\/a>\u00a0\u00fcr\u00fcnleri arac\u0131s\u0131z olarak raflarda yerini ald\u0131.<\/p>\n<p><a class=\"tagged\" href=\"https:\/\/www.kapsulhaberajansi.com\/haberleri\/kirsal\">K\u0131rsal<\/a>\u00a0<a class=\"tagged\" href=\"https:\/\/www.kapsulhaberajansi.com\/haberleri\/hizmetler\">Hizmetler<\/a>\u00a0<a class=\"tagged\" href=\"https:\/\/www.kapsulhaberajansi.com\/haberleri\/dairesi\">Dairesi<\/a>\u00a0kar\u0131\u015f kar\u0131\u015f k\u00f6ylerin r\u00f6ntgenini \u00e7ekti<\/p>\n<p><a class=\"tagged\" href=\"https:\/\/www.kapsulhaberajansi.com\/haberleri\/izmir\">\u0130zmir<\/a>\u00a0<a class=\"tagged\" href=\"https:\/\/www.kapsulhaberajansi.com\/haberleri\/buyuksehir\">B\u00fcy\u00fck\u015fehir<\/a>\u00a0Belediye Ba\u015fkan\u0131 Dr.\u00a0<a class=\"tagged\" href=\"https:\/\/www.kapsulhaberajansi.com\/haberleri\/cemil\">Cemil<\/a>\u00a0<a class=\"tagged\" href=\"https:\/\/www.kapsulhaberajansi.com\/haberleri\/tugay\">Tugay<\/a>\u00a0taraf\u0131ndan kurulan\u00a0<a class=\"tagged\" href=\"https:\/\/www.kapsulhaberajansi.com\/haberleri\/kirsal\">K\u0131rsal<\/a>\u00a0<a class=\"tagged\" href=\"https:\/\/www.kapsulhaberajansi.com\/haberleri\/hizmetler\">Hizmetler<\/a>\u00a0<a class=\"tagged\" href=\"https:\/\/www.kapsulhaberajansi.com\/haberleri\/dairesi\">Dairesi<\/a>\u00a0Ba\u015fkanl\u0131\u011f\u0131, iki y\u0131ll\u0131k s\u00fcre\u00e7te\u00a0<a class=\"tagged\" href=\"https:\/\/www.kapsulhaberajansi.com\/haberleri\/izmir\">\u0130zmir\u2019in<\/a>\u00a0<a class=\"tagged\" href=\"https:\/\/www.kapsulhaberajansi.com\/haberleri\/kirsal\">k\u0131rsal<\/a>\u00a0mahallelerini kar\u0131\u015f kar\u0131\u015f analiz etti.\u00a0<a class=\"tagged\" href=\"https:\/\/www.kapsulhaberajansi.com\/haberleri\/kirsal\">K\u0131rsal<\/a>\u00a0mahallelerin yok edilmemesi, potansiyeline, do\u011fas\u0131na, k\u00fclt\u00fcrel ve sosyal dokusuna\u00a0<a class=\"tagged\" href=\"https:\/\/www.kapsulhaberajansi.com\/haberleri\/uygun\">uygun<\/a>\u00a0olarak kalk\u0131nd\u0131r\u0131lmas\u0131 i\u00e7in\u00a0<a class=\"tagged\" href=\"https:\/\/www.kapsulhaberajansi.com\/haberleri\/calismalar\">\u00e7al\u0131\u015fmalar<\/a>\u00a0<a class=\"tagged\" href=\"https:\/\/www.kapsulhaberajansi.com\/haberleri\/hayata\">hayata<\/a>\u00a0ge\u00e7irildi.<\/p>\n<p>Topra\u011f\u0131n Gen\u00e7 Akl\u0131 gelece\u011fe y\u00f6n verecek<\/p>\n<p>K\u0131rsalda ya\u015fayan gen\u00e7 n\u00fcfusun yerinde istihdam\u0131 hedefiyle \u201cTopra\u011f\u0131n Gen\u00e7 Akl\u0131\u201d projesi ba\u015flat\u0131ld\u0131. Projeyle, sahada anketler yap\u0131larak \u201cGen\u00e7lerimizi k\u0131rsalda nas\u0131l tutabiliriz\u201d sorusuna yerelden yan\u0131t arand\u0131. \u0130lk etapta 25 mahallede saha \u00e7al\u0131\u015ft\u0131r\u0131lmas\u0131 yap\u0131larak 600\u2019\u00fcn \u00fczerinde gen\u00e7le anket yap\u0131ld\u0131.\u00a0<a class=\"tagged\" href=\"https:\/\/www.kapsulhaberajansi.com\/haberleri\/izmir\">\u0130zmir<\/a>\u00a0k\u0131rsal\u0131na yay\u0131lacak projeden elde edilen veriler \u0131\u015f\u0131\u011f\u0131nda uygulanabilir politika paketleri ve m\u00fcdahale ara\u00e7lar\u0131\u00a0<a class=\"tagged\" href=\"https:\/\/www.kapsulhaberajansi.com\/haberleri\/hayata\">hayata<\/a>\u00a0ge\u00e7irilecek.<\/p>\n<p><a class=\"tagged\" href=\"https:\/\/www.kapsulhaberajansi.com\/haberleri\/calismalar\">\u00c7al\u0131\u015fmalar<\/a>\u00a0<a class=\"tagged\" href=\"https:\/\/www.kapsulhaberajansi.com\/haberleri\/kapsaminda\">kapsam\u0131nda<\/a>\u00a0yenilenebilir enerji yat\u0131r\u0131mlar\u0131n\u0131n do\u011fay\u0131 yok etmeden\u00a0<a class=\"tagged\" href=\"https:\/\/www.kapsulhaberajansi.com\/haberleri\/hayata\">hayata<\/a>\u00a0ge\u00e7irilmesi i\u00e7in &#8220;R\u00fczgar Enerji Santrali, G\u00fcne\u015f Enerji Santrali ve Biyok\u00fctle Enerji Santrallerinin Yer Se\u00e7imine \u0130li\u015fkin \u0130lke ve Esaslar\u201d belirlendi ve mecliste kabul edildi.<\/p>\n<p><a class=\"tagged\" href=\"https:\/\/www.kapsulhaberajansi.com\/haberleri\/kirsal\">K\u0131rsal<\/a>\u00a0Mahalle Kimlik Kart\u0131 Projesi ile t\u00fcm\u00a0<a class=\"tagged\" href=\"https:\/\/www.kapsulhaberajansi.com\/haberleri\/izmir\">\u0130zmir<\/a>\u00a0k\u0131rsal\u0131n\u0131n verileri g\u00fcncellenip kent rehberinde payla\u015f\u0131lmaya ba\u015fland\u0131. Ayr\u0131ca\u00a0<a class=\"tagged\" href=\"https:\/\/www.kapsulhaberajansi.com\/haberleri\/kirsal\">k\u0131rsal<\/a>\u00a0alan planlamas\u0131na altl\u0131k olu\u015fturacak mek\u00e2nsal, kurumsal ve istatistiksel veriler i\u00e7in co\u011frafi bilgi sistemi (CBS) veri taban\u0131 olu\u015fturuldu.<\/p>\n<p><a class=\"tagged\" href=\"https:\/\/www.kapsulhaberajansi.com\/haberleri\/izmir\">\u0130zmir<\/a>, Milano Pakt\u0131 \u00fcyesi oldu<\/p>\n<p><a class=\"tagged\" href=\"https:\/\/www.kapsulhaberajansi.com\/haberleri\/izmir\">\u0130zmir<\/a>\u00a0<a class=\"tagged\" href=\"https:\/\/www.kapsulhaberajansi.com\/haberleri\/buyuksehir\">B\u00fcy\u00fck\u015fehir<\/a>\u00a0<a class=\"tagged\" href=\"https:\/\/www.kapsulhaberajansi.com\/haberleri\/belediyesi\">Belediyesi<\/a>,\u00a0<a class=\"tagged\" href=\"https:\/\/www.kapsulhaberajansi.com\/haberleri\/izmar\">\u0130ZMAR\u2019dan<\/a>\u00a0komposta, kent bostanlar\u0131ndan g\u0131da at\u0131klar\u0131n\u0131n d\u00f6n\u00fc\u015f\u00fcm\u00fcne kadar\u00a0<a class=\"tagged\" href=\"https:\/\/www.kapsulhaberajansi.com\/haberleri\/hayata\">hayata<\/a>\u00a0ge\u00e7irdi\u011fi g\u0131da g\u00fcvenli\u011fi projeleriyle Milano Kentsel G\u0131da Politikas\u0131 Pakt\u0131\u2019n\u0131n (MUFPP) \u00fcyesi oldu.\u00a0<a class=\"tagged\" href=\"https:\/\/www.kapsulhaberajansi.com\/haberleri\/kirsal\">K\u0131rsal<\/a>\u00a0<a class=\"tagged\" href=\"https:\/\/www.kapsulhaberajansi.com\/haberleri\/hizmetler\">Hizmetler<\/a>\u00a0<a class=\"tagged\" href=\"https:\/\/www.kapsulhaberajansi.com\/haberleri\/dairesi\">Dairesi<\/a>\u00a0Ba\u015fkanl\u0131\u011f\u0131\u2019n\u0131n y\u00fcr\u00fctt\u00fc\u011f\u00fc\u00a0<a class=\"tagged\" href=\"https:\/\/www.kapsulhaberajansi.com\/haberleri\/calismalar\">\u00e7al\u0131\u015fmalar<\/a>\u00a0<a class=\"tagged\" href=\"https:\/\/www.kapsulhaberajansi.com\/haberleri\/kapsaminda\">kapsam\u0131nda<\/a>\u00a0<a class=\"tagged\" href=\"https:\/\/www.kapsulhaberajansi.com\/haberleri\/izmir\">\u0130zmir<\/a>, d\u00fcnya genelinde 300\u2019den fazla \u015fehrin imzac\u0131s\u0131 oldu\u011fu pakta imza att\u0131.<\/p>\n","protected":false},"excerpt":{"rendered":"<p>\u0130zmir\u00a0B\u00fcy\u00fck\u015fehir\u00a0Belediye Ba\u015fkan\u0131 Dr.\u00a0Cemil\u00a0Tugay\u2019\u0131n\u00a0k\u0131rsal\u0131, tar\u0131mdan sosyal ya\u015fama g\u00fc\u00e7lendirme hedefi do\u011frultusunda Tar\u0131msal\u00a0Hizmetler\u00a0Dairesi,\u00a0K\u0131rsal\u00a0Hizmetler\u00a0Dairesi\u00a0ve \u0130ZTARIM A\u015e kapsaml\u0131\u00a0\u00e7al\u0131\u015fmalar\u00a0y\u00fcr\u00fctt\u00fc. T\u00fcm birimler ve akademisyenlerin kat\u0131l\u0131m\u0131yla\u00a0K\u0131rsal\u00a0\u00c7al\u0131\u015fma Grubu kuruldu. \u00dcreticiler artan girdi maliyetlerine kar\u015f\u0131 desteklenirken, k\u0131rsalda ya\u015fam ko\u015fullar\u0131n\u0131 iyile\u015ftirmeye y\u00f6nelik projeler de\u00a0hayata\u00a0ge\u00e7irildi. \u00c7ift\u00e7iye\u00a0destekler katlan\u0131yor \u0130ki y\u0131lda kooperatifler arac\u0131l\u0131\u011f\u0131yla \u00fcreticilere 694\u00a0milyon\u00a0lira destek\u00a0sa\u011fland\u0131.\u00a0Fide, ekipman, hastal\u0131klarla\u00a0m\u00fccadele\u00a0ve katma de\u011feri art\u0131ran projelerle\u00a0\u00e7ift\u00e7iye\u00a0\u00fcretimin her a\u015famas\u0131nda destek verildi. Ba\u015fkan Dr.\u00a0Cemil\u00a0Tugay\u2019\u0131n\u00a0kat\u0131l\u0131m\u0131yla kooperatiflerle [&hellip;]<\/p>\n","protected":false},"author":1,"featured_media":4393,"comment_status":"open","ping_status":"open","sticky":false,"template":"","format":"standard","meta":{"footnotes":""},"categories":[7,988,1],"tags":[],"class_list":["post-4392","post","type-post","status-publish","format-standard","has-post-thumbnail","hentry","category-ekonomi","category-genel","category-gundem"],"_links":{"self":[{"href":"https:\/\/balikesirobjektif.com\/index.php\/wp-json\/wp\/v2\/posts\/4392","targetHints":{"allow":["GET"]}}],"collection":[{"href":"https:\/\/balikesirobjektif.com\/index.php\/wp-json\/wp\/v2\/posts"}],"about":[{"href":"https:\/\/balikesirobjektif.com\/index.php\/wp-json\/wp\/v2\/types\/post"}],"author":[{"embeddable":true,"href":"https:\/\/balikesirobjektif.com\/index.php\/wp-json\/wp\/v2\/users\/1"}],"replies":[{"embeddable":true,"href":"https:\/\/balikesirobjektif.com\/index.php\/wp-json\/wp\/v2\/comments?post=4392"}],"version-history":[{"count":1,"href":"https:\/\/balikesirobjektif.com\/index.php\/wp-json\/wp\/v2\/posts\/4392\/revisions"}],"predecessor-version":[{"id":4394,"href":"https:\/\/balikesirobjektif.com\/index.php\/wp-json\/wp\/v2\/posts\/4392\/revisions\/4394"}],"wp:featuredmedia":[{"embeddable":true,"href":"https:\/\/balikesirobjektif.com\/index.php\/wp-json\/wp\/v2\/media\/4393"}],"wp:attachment":[{"href":"https:\/\/balikesirobjektif.com\/index.php\/wp-json\/wp\/v2\/media?parent=4392"}],"wp:term":[{"taxonomy":"category","embeddable":true,"href":"https:\/\/balikesirobjektif.com\/index.php\/wp-json\/wp\/v2\/categories?post=4392"},{"taxonomy":"post_tag","embeddable":true,"href":"https:\/\/balikesirobjektif.com\/index.php\/wp-json\/wp\/v2\/tags?post=4392"}],"curies":[{"name":"wp","href":"https:\/\/api.w.org\/{rel}","templated":true}]}}