{"id":4395,"date":"2026-03-16T10:56:43","date_gmt":"2026-03-16T07:56:43","guid":{"rendered":"https:\/\/balikesirobjektif.com\/?p=4395"},"modified":"2026-03-16T10:56:43","modified_gmt":"2026-03-16T07:56:43","slug":"altieylul-sporculari-bilim-dunyasini-kesfetti","status":"publish","type":"post","link":"https:\/\/balikesirobjektif.com\/index.php\/2026\/03\/16\/altieylul-sporculari-bilim-dunyasini-kesfetti\/","title":{"rendered":"Alt\u0131eyl\u00fcl sporcular\u0131 bilim d\u00fcnyas\u0131n\u0131 ke\u015ffetti"},"content":{"rendered":"<p>8-14 Mart Bilim ve Teknoloji Haftas\u0131 kapsam\u0131nda Alt\u0131eyl\u00fcl Belediyespor sporcular\u0131, d\u00fczenlenen \u00f6zel bir etkinlikte bilim ve teknolojiyle i\u00e7 i\u00e7e bir g\u00fcn ge\u00e7irdi. Gen\u00e7 sporcular, bir bilim ve teknoloji kurs merkezine ger\u00e7ekle\u015ftirilen ziyaret sayesinde hem e\u011flendi hem de \u00f6\u011frenme f\u0131rsat\u0131 yakalad\u0131. Alan\u0131nda uzman e\u011fitmenler taraf\u0131ndan ger\u00e7ekle\u015ftirilen sunumlar ve uygulamal\u0131 \u00e7al\u0131\u015fmalar, sporculara bilimsel d\u00fc\u015f\u00fcnmenin kap\u0131lar\u0131n\u0131 aralad\u0131.<br \/>\nBilimle Tan\u0131\u015fan Sporcular<br \/>\nEtkinlik kapsam\u0131nda sporculara bilim ve teknolojinin g\u00fcnl\u00fck ya\u015famda ve sporda nas\u0131l \u00f6nemli bir rol oynad\u0131\u011f\u0131 anlat\u0131ld\u0131. Uzman e\u011fitimciler taraf\u0131ndan yap\u0131lan sunumlarda gen\u00e7 sporcular, farkl\u0131 bilimsel konular hakk\u0131nda bilgi edinirken merak ettikleri sorular\u0131 da sorma f\u0131rsat\u0131 buldu. Program boyunca sporcular yaln\u0131zca dinleyici olmakla kalmad\u0131; ayn\u0131 zamanda bilimsel s\u00fcre\u00e7leri yak\u0131ndan g\u00f6zlemleme imk\u00e2n\u0131 da elde etti. Bu sayede gen\u00e7ler, teorik bilgilerin prati\u011fe nas\u0131l d\u00f6n\u00fc\u015ft\u00fc\u011f\u00fcn\u00fc g\u00f6rerek bilimin dinamik ve ke\u015ffe a\u00e7\u0131k d\u00fcnyas\u0131yla tan\u0131\u015ft\u0131.<br \/>\nDeneyler ve K\u00fc\u00e7\u00fck \u0130catlarla \u00d6\u011frenme<br \/>\nEtkinlikte sporcular, k\u0131sa deneyler ger\u00e7ekle\u015ftirerek ve k\u00fc\u00e7\u00fck icatlar \u00fczerinde uygulamalar yaparak bilimin e\u011flenceli y\u00f6n\u00fcn\u00fc birebir deneyimledi. Merak, ke\u015fif ve \u00fcretme duygusunun \u00f6n plana \u00e7\u0131kt\u0131\u011f\u0131 etkinlikte \u00f6\u011frenciler, tak\u0131m \u00e7al\u0131\u015fmas\u0131 i\u00e7inde farkl\u0131 fikirler geli\u015ftirerek bilimsel d\u00fc\u015f\u00fcnme becerilerini geli\u015ftirme f\u0131rsat\u0131 yakalad\u0131. Yap\u0131lan deneyler sayesinde gen\u00e7 sporcular hem problem \u00e7\u00f6zme yeteneklerini kulland\u0131 hem de bilimsel y\u00f6ntemlerin nas\u0131l i\u015fledi\u011fini \u00f6\u011frenmi\u015f oldu. Etkinli\u011fin sonunda sporcular, bilimle i\u00e7 i\u00e7e ge\u00e7en bu deneyimden b\u00fcy\u00fck bir heyecan duyduklar\u0131n\u0131 ifade etti. Alt\u0131eyl\u00fcl Belediyespor sporcular\u0131 i\u00e7in d\u00fczenlenen ziyaret, gen\u00e7lerin hem bilimsel d\u00fc\u015f\u00fcnmeye y\u00f6nelmesini hem de \u00f6\u011frenme motivasyonlar\u0131n\u0131 art\u0131rmas\u0131n\u0131 sa\u011flad\u0131.<\/p>\n","protected":false},"excerpt":{"rendered":"<p>8-14 Mart Bilim ve Teknoloji Haftas\u0131 kapsam\u0131nda Alt\u0131eyl\u00fcl Belediyespor sporcular\u0131, d\u00fczenlenen \u00f6zel bir etkinlikte bilim ve teknolojiyle i\u00e7 i\u00e7e bir g\u00fcn ge\u00e7irdi. Gen\u00e7 sporcular, bir bilim ve teknoloji kurs merkezine ger\u00e7ekle\u015ftirilen ziyaret sayesinde hem e\u011flendi hem de \u00f6\u011frenme f\u0131rsat\u0131 yakalad\u0131. Alan\u0131nda uzman e\u011fitmenler taraf\u0131ndan ger\u00e7ekle\u015ftirilen sunumlar ve uygulamal\u0131 \u00e7al\u0131\u015fmalar, sporculara bilimsel d\u00fc\u015f\u00fcnmenin kap\u0131lar\u0131n\u0131 aralad\u0131. Bilimle [&hellip;]<\/p>\n","protected":false},"author":1,"featured_media":4396,"comment_status":"open","ping_status":"open","sticky":false,"template":"","format":"standard","meta":{"footnotes":""},"categories":[7,8,988,1,11],"tags":[],"class_list":["post-4395","post","type-post","status-publish","format-standard","has-post-thumbnail","hentry","category-ekonomi","category-foto-galeri","category-genel","category-gundem","category-manset"],"_links":{"self":[{"href":"https:\/\/balikesirobjektif.com\/index.php\/wp-json\/wp\/v2\/posts\/4395","targetHints":{"allow":["GET"]}}],"collection":[{"href":"https:\/\/balikesirobjektif.com\/index.php\/wp-json\/wp\/v2\/posts"}],"about":[{"href":"https:\/\/balikesirobjektif.com\/index.php\/wp-json\/wp\/v2\/types\/post"}],"author":[{"embeddable":true,"href":"https:\/\/balikesirobjektif.com\/index.php\/wp-json\/wp\/v2\/users\/1"}],"replies":[{"embeddable":true,"href":"https:\/\/balikesirobjektif.com\/index.php\/wp-json\/wp\/v2\/comments?post=4395"}],"version-history":[{"count":1,"href":"https:\/\/balikesirobjektif.com\/index.php\/wp-json\/wp\/v2\/posts\/4395\/revisions"}],"predecessor-version":[{"id":4397,"href":"https:\/\/balikesirobjektif.com\/index.php\/wp-json\/wp\/v2\/posts\/4395\/revisions\/4397"}],"wp:featuredmedia":[{"embeddable":true,"href":"https:\/\/balikesirobjektif.com\/index.php\/wp-json\/wp\/v2\/media\/4396"}],"wp:attachment":[{"href":"https:\/\/balikesirobjektif.com\/index.php\/wp-json\/wp\/v2\/media?parent=4395"}],"wp:term":[{"taxonomy":"category","embeddable":true,"href":"https:\/\/balikesirobjektif.com\/index.php\/wp-json\/wp\/v2\/categories?post=4395"},{"taxonomy":"post_tag","embeddable":true,"href":"https:\/\/balikesirobjektif.com\/index.php\/wp-json\/wp\/v2\/tags?post=4395"}],"curies":[{"name":"wp","href":"https:\/\/api.w.org\/{rel}","templated":true}]}}