{"id":855,"date":"2020-10-18T11:18:19","date_gmt":"2020-10-18T08:18:19","guid":{"rendered":"http:\/\/demo.safirtema.com\/anka\/?p=855"},"modified":"2020-10-18T11:18:19","modified_gmt":"2020-10-18T08:18:19","slug":"sifir-otomobil-ikinci-el-pazarinda-daha-pahaliya-satiliyor","status":"publish","type":"post","link":"https:\/\/balikesirobjektif.com\/index.php\/2020\/10\/18\/sifir-otomobil-ikinci-el-pazarinda-daha-pahaliya-satiliyor\/","title":{"rendered":"S\u0131f\u0131r otomobil, ikinci el pazar\u0131nda daha pahal\u0131ya sat\u0131l\u0131yor"},"content":{"rendered":"<\/p>\n<p>Corona vir\u00fcs s\u00fcrecinde vatanda\u015flar\u0131n bir\u00e7o\u011fu, toplu ta\u015f\u0131ma ara\u00e7lar\u0131nda bula\u015f riskinin daha y\u00fcksek oldu\u011funu d\u00fc\u015f\u00fcnerek ara\u00e7 sahibi olmaya karar verdi. <\/p>\n<p>Hatta bir aile bu s\u00fcre\u00e7te, toplu ta\u015f\u0131ma kullanmamak i\u00e7in birden fazla ara\u00e7 sat\u0131n ald\u0131. Bunun yan\u0131nda artan fiyat\u0131 nedeniyle baz\u0131 vatanda\u015flar, ikince el otomobilleri yat\u0131r\u0131m arac\u0131 olarak g\u00f6rd\u00fc.<\/p>\n<p>Talebi art\u0131ran son durum ise corona vir\u00fcs d\u00f6neminde s\u0131f\u0131r ara\u00e7 \u00fcretiminin talebin olduk\u00e7a alt\u0131nda kalmas\u0131 oldu. Bu nedenlerle ikinci el ara\u00e7lar\u0131n fiyat ivmesi her ge\u00e7en g\u00fcn y\u00fckseldi. \u00d6n\u00fcm\u00fczdeki y\u0131l da ikinci el fiyat\u0131ndaki art\u0131\u015f\u0131n s\u00fcrmesinin beklendi\u011fi ifade edildi.<\/p>\n<p>\u0130kinci el otomobil al\u0131m sat\u0131m\u0131 yapan firma sahibi evli ve 1 \u00e7ocuk babas\u0131 Egemen Kurt\u00e7u, &#8220;\u015eu an d\u00f6nemin en h\u0131zl\u0131 zaman\u0131n\u0131 ya\u015f\u0131yoruz. Pandemi d\u00f6neminin etkisi ayr\u0131ca otomobilin yat\u0131r\u0131m arac\u0131 olarak g\u00f6r\u00fclmesinden dolay\u0131 inan\u0131lmaz bir art\u0131\u015f var. Ge\u00e7ti\u011fimiz 2 aya nazaran ciromuzda y\u00fczde 150&#8217;lik bir art\u0131\u015f s\u00f6z konusu. 7&#8217;den 70&#8217;e heryerde ve herkeste bir otomobil \u00e7\u0131lg\u0131nl\u0131\u011f\u0131 var. \u0130kinci el otomobil en tarihi g\u00fcnlerini ya\u015f\u0131yor. G\u00fcnde 10 ara\u00e7 satarken, \u015fu anda 20-27 ara\u00e7 sat\u0131yoruz.<\/p>\n<p><strong>Bu da insanlar\u0131n ikince el ara\u00e7lara olan ilgisini g\u00f6steriyor. Bug\u00fcn itibariyle 100 bin liraya ald\u0131\u011f\u0131n\u0131z &#8216;A&#8217; markas\u0131 bir arac\u0131, 2 ay sonra \u00e7ok rahat 125 bin liraya satabiliyorsunuz. Bu da sekt\u00f6r\u00fcn i\u00e7indeki art\u0131\u015f\u0131 ve de\u011feri g\u00f6steriyor. Ge\u00e7en hafta &#8216;A&#8217; marka bir hafif ticari arac\u0131 105 bin liraya al\u0131rken, \u015fu an en iyi ihtimalle 117-118 bin liraya alabiliyorlar. Bunun sebebi s\u0131f\u0131r ara\u00e7taki daralma ve \u00fclkeye ara\u00e7 girememesi. \u0130kinci elde tarihi \u00e7a\u011f\u0131 ya\u015f\u0131yoruz&#8221; dedi.<\/strong><\/p>\n<p><strong>SIFIRINDAN PAHALI SATI\u015eLAR B\u0130LE VAR<\/strong><\/p>\n<p>S\u0131f\u0131r arac\u0131n ikinci el pazar\u0131nda daha pahal\u0131ya sat\u0131ld\u0131\u011f\u0131 durumlar\u0131n dahi ya\u015fand\u0131\u011f\u0131n\u0131 belirten Kurt\u00e7u, &#8220;S\u0131f\u0131r etiket fiyat\u0131 190 bin lira olan bir ara\u00e7, ikinci el oto pazar\u0131 taraf\u0131ndan sat\u0131n al\u0131n\u0131p pazarda 210 bin liraya \u00e7ok rahat sat\u0131l\u0131yor. Sebebi de arac\u0131n bulunamamas\u0131. Buna f\u0131rsat\u00e7\u0131l\u0131k da denilebilir. \u0130kinci el otomobil pazarlar\u0131nda bunlarla da kar\u015f\u0131la\u015fabiliyoruz&#8221; dedi.<\/p>\n<p>\u0130kinci el otomobil al\u0131p satan evli ve 1 \u00e7ocuk babas\u0131 Kadir Eker (41), &#8220;Sat\u0131\u015flarda ge\u00e7en aya g\u00f6re y\u00fczde 60-70 art\u0131\u015f var. Bayilerde \u00e7\u0131lg\u0131n fiyatlar mevcut. Biz bayilerden daha h\u0131zl\u0131 ara\u00e7 teslimat\u0131 yap\u0131yoruz&#8221; diye konu\u015ftu.<\/p>\n<p>\u0130kinci el ara\u00e7 sat\u0131n almaya gelen Ferit Ta\u015f (42), &#8220;Toplu ta\u015f\u0131ma biraz s\u0131k\u0131nt\u0131l\u0131. Bu y\u00fczden bizim tercihimiz de kendi arac\u0131m\u0131zla gidip gelmek. Vir\u00fcsten dolay\u0131 b\u00f6yle bir tercihte bulunuyorum&#8221; dedi. Bir di\u011fer al\u0131c\u0131 muhasebeci Sevim Meral (35) ise, &#8220;Pandemi s\u00fcrecinde toplu ta\u015f\u0131may\u0131 fazla kullanmak istemedi\u011fimiz i\u00e7in ara\u00e7 sahibi olmak istiyorum. Hem gelece\u011fe yat\u0131r\u0131m olmas\u0131 a\u00e7\u0131s\u0131ndan faydal\u0131. \u0130leride arac\u0131m\u0131 sat\u0131p ev sahibi olmak istiyorum&#8221; diye konu\u015ftu.<\/p><\/p>\n","protected":false},"excerpt":{"rendered":"<p> Corona vir\u00fcs s\u00fcrecinde vatanda\u015flar\u0131n bir\u00e7o\u011fu, toplu ta\u015f\u0131ma ara\u00e7lar\u0131nda bula\u015f riskinin daha y\u00fcksek oldu\u011funu d\u00fc\u015f\u00fcnerek ara\u00e7 sahibi olmaya karar verdi.<\/p>\n","protected":false},"author":1,"featured_media":856,"comment_status":"open","ping_status":"open","sticky":false,"template":"","format":"standard","meta":{"footnotes":""},"categories":[12],"tags":[361,362,364,215,363],"class_list":["post-855","post","type-post","status-publish","format-standard","has-post-thumbnail","hentry","category-universite","tag-arac","tag-araci","tag-artis","tag-fiyat","tag-tas"],"_links":{"self":[{"href":"https:\/\/balikesirobjektif.com\/index.php\/wp-json\/wp\/v2\/posts\/855","targetHints":{"allow":["GET"]}}],"collection":[{"href":"https:\/\/balikesirobjektif.com\/index.php\/wp-json\/wp\/v2\/posts"}],"about":[{"href":"https:\/\/balikesirobjektif.com\/index.php\/wp-json\/wp\/v2\/types\/post"}],"author":[{"embeddable":true,"href":"https:\/\/balikesirobjektif.com\/index.php\/wp-json\/wp\/v2\/users\/1"}],"replies":[{"embeddable":true,"href":"https:\/\/balikesirobjektif.com\/index.php\/wp-json\/wp\/v2\/comments?post=855"}],"version-history":[{"count":1,"href":"https:\/\/balikesirobjektif.com\/index.php\/wp-json\/wp\/v2\/posts\/855\/revisions"}],"predecessor-version":[{"id":857,"href":"https:\/\/balikesirobjektif.com\/index.php\/wp-json\/wp\/v2\/posts\/855\/revisions\/857"}],"wp:featuredmedia":[{"embeddable":true,"href":"https:\/\/balikesirobjektif.com\/index.php\/wp-json\/wp\/v2\/media\/856"}],"wp:attachment":[{"href":"https:\/\/balikesirobjektif.com\/index.php\/wp-json\/wp\/v2\/media?parent=855"}],"wp:term":[{"taxonomy":"category","embeddable":true,"href":"https:\/\/balikesirobjektif.com\/index.php\/wp-json\/wp\/v2\/categories?post=855"},{"taxonomy":"post_tag","embeddable":true,"href":"https:\/\/balikesirobjektif.com\/index.php\/wp-json\/wp\/v2\/tags?post=855"}],"curies":[{"name":"wp","href":"https:\/\/api.w.org\/{rel}","templated":true}]}}