{"id":858,"date":"2020-10-18T11:18:20","date_gmt":"2020-10-18T08:18:20","guid":{"rendered":"http:\/\/demo.safirtema.com\/anka\/?p=858"},"modified":"2020-10-18T11:18:20","modified_gmt":"2020-10-18T08:18:20","slug":"otomobil-uretimi-yuzde-18-dustu-ikinci-el-arac-fiyatlari-firladi","status":"publish","type":"post","link":"https:\/\/balikesirobjektif.com\/index.php\/2020\/10\/18\/otomobil-uretimi-yuzde-18-dustu-ikinci-el-arac-fiyatlari-firladi\/","title":{"rendered":"Otomobil \u00fcretimi y\u00fczde 18 d\u00fc\u015ft\u00fc, ikinci el ara\u00e7 fiyatlar\u0131 f\u0131rlad\u0131"},"content":{"rendered":"<p><p>Otomotiv Sanayii Derne\u011fi (OSD), Ocak-Eyl\u00fcl d\u00f6nemine ait verileri a\u00e7\u0131klad\u0131. OSD\u2019nin a\u00e7\u0131klad\u0131\u011f\u0131 verilere g\u00f6re otomobil \u00fcretimi ge\u00e7en y\u0131l\u0131n ilk 9 ay\u0131na g\u00f6re y\u00fczde 18 oran\u0131nda azald\u0131.<\/p>\n<p>Pandemi dolay\u0131s\u0131yla \u00fcretimin yava\u015flamas\u0131, s\u0131f\u0131r ara\u00e7lar\u0131n ve buna ba\u011fl\u0131 olarak da ikinci el otomobil fiyatlar\u0131n\u0131n y\u00fckselmesine neden oldu.<\/p>\n<p> S\u0131f\u0131r ara\u00e7lara talebin y\u00fcksek olmas\u0131 ve otomobil fabrikalar\u0131nda \u00fcretimin azalmas\u0131 nedeniyle de ara\u00e7 almak isteyenler 2. el otomobil pazar\u0131na y\u00f6neldi. 2\u2019inci el ara\u00e7 pazar\u0131nda fiyatlar de\u011fi\u015fkenlik g\u00f6sterirken galericiler ise \u00fcretimin eski haline d\u00f6nmesiyle fiyatlar\u0131n d\u00fc\u015fmesini \u00f6ng\u00f6r\u00fcyor.<\/p>\n<p><strong>Otomobil \u00fcretiminin azalmas\u0131n\u0131n s\u0131f\u0131r ve 2\u2019inci el ara\u00e7larda fiyat art\u0131\u015f\u0131na neden oldu\u011funu belirten Galerici Faruk \u00dcnal, piyasadaki arz\u0131n talebi kar\u015f\u0131lamad\u0131\u011f\u0131 i\u00e7in vatanda\u015flar\u0131n s\u0131f\u0131r yerine ikinci el ara\u00e7lara y\u00f6neldi.<\/strong><\/p>\n<p><strong> Bu durum 2\u2019inci el ara\u00e7lar\u0131n fiyatlar\u0131n\u0131n y\u00fckselmesine neden oldu. 2\u2019inci el ara\u00e7 sat\u0131\u015f\u0131n\u0131 sadece galericiler de\u011fil al-sat yapan ki\u015filerde yap\u0131yor, bu durum da fiyatlar\u0131n y\u00fckselmesinde etkili oluyor. <\/strong><\/p>\n<p>Pandemi dolay\u0131s\u0131yla ilk olarak \u00c7in\u2019de araba par\u00e7as\u0131 \u00fcreten fabrikalar \u00fcretime ara verdi, ard\u0131ndan Avrupa\u2019da ve di\u011fer b\u00f6lgelerde \u00fcretim fabrikalar\u0131 \u00fcretime ara verdi. <\/p>\n<p>Ocak ay\u0131ndan beri ge\u00e7en seneye g\u00f6re daha az araba \u00fcretilmesi fiyatlar\u0131n y\u00fckselmesine neden oldu. <strong>\u00dcretim eski haline d\u00f6nd\u00fc\u011f\u00fcnde ara\u00e7 fiyatlar\u0131n\u0131n normal d\u00fczeyde olmas\u0131n\u0131 bekliyoruz\u201d diye konu\u015ftu.<\/strong><\/p>\n<p>Ara\u00e7 fiyatlar\u0131nda anormal bir art\u0131\u015f oldu\u011fundan bahseden Galerici Harun Camc\u0131o\u011flu ise \u201cFabrikalar pandemi nedeniyle \u00fcretimi azaltt\u0131. S\u0131f\u0131r ara\u00e7lara olan talep kar\u015f\u0131lanamayacak duruma geldi. Bu durum s\u0131f\u0131r ara\u00e7lar\u0131n ve s\u0131f\u0131ra yak\u0131n olan ara\u00e7lar\u0131n fiyatlar\u0131n\u0131n anormal bir \u015fekilde y\u00fckselmesine neden oldu. <\/p>\n<p>S\u0131f\u0131r ara\u00e7 almak isteyenler ara\u00e7 almak i\u00e7in yetkili sat\u0131c\u0131lardan ara\u00e7 sipari\u015flerini veriyor. Sipari\u015flerin teslim edilmesi i\u00e7in de aylarca beklemek gerekiyor. Beklemek istemeyen vatanda\u015flar da galerilerden daha y\u00fcksek fiyata ara\u00e7 sat\u0131n al\u0131yor. \u00dcretimin az olmas\u0131ndan ikinci el ara\u00e7 piyasas\u0131 da etkileniyor\u201d diye konu\u015ftu.<\/p><\/p>\n","protected":false},"excerpt":{"rendered":"<p>Otomotiv Sanayii Derne\u011fi (OSD), Ocak-Eyl\u00fcl d\u00f6nemine ait verileri a\u00e7\u0131klad\u0131. OSD\u2019nin a\u00e7\u0131klad\u0131\u011f\u0131 verilere g\u00f6re otomobil \u00fcretimi ge\u00e7en y\u0131l\u0131n ilk 9 ay\u0131na g\u00f6re y\u00fczde 18 oran\u0131nda azald\u0131. Pandemi dolay\u0131s\u0131yla \u00fcretimin yava\u015flamas\u0131, s\u0131f\u0131r ara\u00e7lar\u0131n ve buna ba\u011fl\u0131 olarak da ikinci el otomobil fiyatlar\u0131n\u0131n y\u00fckselmesine neden oldu. S\u0131f\u0131r ara\u00e7lara talebin y\u00fcksek olmas\u0131 ve otomobil fabrikalar\u0131nda \u00fcretimin azalmas\u0131 nedeniyle de [&hellip;]<\/p>\n","protected":false},"author":1,"featured_media":859,"comment_status":"open","ping_status":"open","sticky":false,"template":"","format":"standard","meta":{"footnotes":""},"categories":[12],"tags":[361,365,366,368,367],"class_list":["post-858","post","type-post","status-publish","format-standard","has-post-thumbnail","hentry","category-universite","tag-arac","tag-fiyatlar","tag-neden","tag-otomobil","tag-uretimi"],"_links":{"self":[{"href":"https:\/\/balikesirobjektif.com\/index.php\/wp-json\/wp\/v2\/posts\/858","targetHints":{"allow":["GET"]}}],"collection":[{"href":"https:\/\/balikesirobjektif.com\/index.php\/wp-json\/wp\/v2\/posts"}],"about":[{"href":"https:\/\/balikesirobjektif.com\/index.php\/wp-json\/wp\/v2\/types\/post"}],"author":[{"embeddable":true,"href":"https:\/\/balikesirobjektif.com\/index.php\/wp-json\/wp\/v2\/users\/1"}],"replies":[{"embeddable":true,"href":"https:\/\/balikesirobjektif.com\/index.php\/wp-json\/wp\/v2\/comments?post=858"}],"version-history":[{"count":1,"href":"https:\/\/balikesirobjektif.com\/index.php\/wp-json\/wp\/v2\/posts\/858\/revisions"}],"predecessor-version":[{"id":860,"href":"https:\/\/balikesirobjektif.com\/index.php\/wp-json\/wp\/v2\/posts\/858\/revisions\/860"}],"wp:featuredmedia":[{"embeddable":true,"href":"https:\/\/balikesirobjektif.com\/index.php\/wp-json\/wp\/v2\/media\/859"}],"wp:attachment":[{"href":"https:\/\/balikesirobjektif.com\/index.php\/wp-json\/wp\/v2\/media?parent=858"}],"wp:term":[{"taxonomy":"category","embeddable":true,"href":"https:\/\/balikesirobjektif.com\/index.php\/wp-json\/wp\/v2\/categories?post=858"},{"taxonomy":"post_tag","embeddable":true,"href":"https:\/\/balikesirobjektif.com\/index.php\/wp-json\/wp\/v2\/tags?post=858"}],"curies":[{"name":"wp","href":"https:\/\/api.w.org\/{rel}","templated":true}]}}